{"id":1502,"date":"2023-10-23T11:20:02","date_gmt":"2023-10-23T11:20:02","guid":{"rendered":"https:\/\/mittelschule.st-aegidi.at\/?p=1502"},"modified":"2023-10-23T14:20:53","modified_gmt":"2023-10-23T14:20:53","slug":"ortsplatz-eroeffnungsfeier","status":"publish","type":"post","link":"https:\/\/mittelschule.st-aegidi.at\/index.php\/2023\/10\/23\/ortsplatz-eroeffnungsfeier\/","title":{"rendered":"Ortsplatz Er\u00f6ffnungsfeier"},"content":{"rendered":"\t\t<div data-elementor-type=\"wp-post\" data-elementor-id=\"1502\" class=\"elementor elementor-1502\">\n\t\t\t\t\t\t<section class=\"elementor-section elementor-top-section elementor-element elementor-element-900c097 elementor-section-boxed elementor-section-height-default elementor-section-height-default\" data-id=\"900c097\" data-element_type=\"section\">\n\t\t\t\t\t\t<div class=\"elementor-container elementor-column-gap-default\">\n\t\t\t\t\t<div class=\"elementor-column elementor-col-100 elementor-top-column elementor-element elementor-element-2c29e21\" data-id=\"2c29e21\" data-element_type=\"column\">\n\t\t\t<div class=\"elementor-widget-wrap elementor-element-populated\">\n\t\t\t\t\t\t<div class=\"elementor-element elementor-element-4a33083 elementor-widget elementor-widget-text-editor\" data-id=\"4a33083\" data-element_type=\"widget\" data-widget_type=\"text-editor.default\">\n\t\t\t\t<div class=\"elementor-widget-container\">\n\t\t\t\t\t\t\t<p>Der Sch\u00fclerchor unserer Mittelschule, unter der Leitung von Herrn Reisenberger, gestaltete mit den drei Liedern \u201e\u00c4gidinger Lied\u201c, \u201eSchoolboogie\u201c und \u201eForever young\u201c den Festakt der feierlichen Ortsplatzer\u00f6ffnung am 8.10.2023 mit. Die Gemeinde lud zu einem gro\u00dfen Dorffest mit vielen Ehreng\u00e4sten, unter ihnen auch unser Landeshauptmann Dr. Thomas Stelzer, ein. Im Anschluss st\u00e4rkten sich unsere Sch\u00fcler*innen mit Schnitzel und Getr\u00e4nken, zu denen sie von der Gemeinde eingeladen wurden.<\/p>\t\t\t\t\t\t<\/div>\n\t\t\t\t<\/div>\n\t\t\t\t<div class=\"elementor-element elementor-element-b560856 elementor-widget elementor-widget-image-gallery\" data-id=\"b560856\" data-element_type=\"widget\" data-widget_type=\"image-gallery.default\">\n\t\t\t\t<div class=\"elementor-widget-container\">\n\t\t\t\t\t<div class=\"elementor-image-gallery\">\n\t\t\t\n\t\t<style type=\"text\/css\">\n\t\t\t#gallery-1 {\n\t\t\t\tmargin: auto;\n\t\t\t}\n\t\t\t#gallery-1 .gallery-item {\n\t\t\t\tfloat: left;\n\t\t\t\tmargin-top: 10px;\n\t\t\t\ttext-align: center;\n\t\t\t\twidth: 25%;\n\t\t\t}\n\t\t\t#gallery-1 img {\n\t\t\t\tborder: 2px solid #cfcfcf;\n\t\t\t}\n\t\t\t#gallery-1 .gallery-caption {\n\t\t\t\tmargin-left: 0;\n\t\t\t}\n\t\t\t\/* see gallery_shortcode() in wp-includes\/media.php *\/\n\t\t<\/style>\n\t\t<div id='gallery-1' class='gallery galleryid-1502 gallery-columns-4 gallery-size-thumbnail'><dl class='gallery-item'>\n\t\t\t<dt class='gallery-icon landscape'>\n\t\t\t\t<a data-elementor-open-lightbox=\"yes\" data-elementor-lightbox-slideshow=\"b560856\" data-elementor-lightbox-title=\"20231008105211-m83-eroeffnung-id2\" data-e-action-hash=\"#elementor-action%3Aaction%3Dlightbox%26settings%3DeyJpZCI6MTUwNSwidXJsIjoiaHR0cHM6XC9cL21pdHRlbHNjaHVsZS5zdC1hZWdpZGkuYXRcL3dwLWNvbnRlbnRcL3VwbG9hZHNcLzIwMjNcLzEwXC8yMDIzMTAwODEwNTIxMS1tODMtZXJvZWZmbnVuZy1pZDIuanBnIiwic2xpZGVzaG93IjoiYjU2MDg1NiJ9\" href='https:\/\/mittelschule.st-aegidi.at\/wp-content\/uploads\/2023\/10\/20231008105211-m83-eroeffnung-id2.jpg'><img decoding=\"async\" width=\"150\" height=\"150\" src=\"https:\/\/mittelschule.st-aegidi.at\/wp-content\/uploads\/2023\/10\/20231008105211-m83-eroeffnung-id2-150x150.jpg\" class=\"attachment-thumbnail size-thumbnail\" alt=\"\" srcset=\"https:\/\/mittelschule.st-aegidi.at\/wp-content\/uploads\/2023\/10\/20231008105211-m83-eroeffnung-id2-150x150.jpg 150w, https:\/\/mittelschule.st-aegidi.at\/wp-content\/uploads\/2023\/10\/20231008105211-m83-eroeffnung-id2-200x200.jpg 200w\" sizes=\"(max-width: 150px) 100vw, 150px\" \/><\/a>\n\t\t\t<\/dt><\/dl><dl class='gallery-item'>\n\t\t\t<dt class='gallery-icon landscape'>\n\t\t\t\t<a data-elementor-open-lightbox=\"yes\" data-elementor-lightbox-slideshow=\"b560856\" data-elementor-lightbox-title=\"20231008105934-m88-eroeffnung-id2\" data-e-action-hash=\"#elementor-action%3Aaction%3Dlightbox%26settings%3DeyJpZCI6MTUwNiwidXJsIjoiaHR0cHM6XC9cL21pdHRlbHNjaHVsZS5zdC1hZWdpZGkuYXRcL3dwLWNvbnRlbnRcL3VwbG9hZHNcLzIwMjNcLzEwXC8yMDIzMTAwODEwNTkzNC1tODgtZXJvZWZmbnVuZy1pZDIuanBnIiwic2xpZGVzaG93IjoiYjU2MDg1NiJ9\" href='https:\/\/mittelschule.st-aegidi.at\/wp-content\/uploads\/2023\/10\/20231008105934-m88-eroeffnung-id2.jpg'><img decoding=\"async\" width=\"150\" height=\"150\" src=\"https:\/\/mittelschule.st-aegidi.at\/wp-content\/uploads\/2023\/10\/20231008105934-m88-eroeffnung-id2-150x150.jpg\" class=\"attachment-thumbnail size-thumbnail\" alt=\"\" srcset=\"https:\/\/mittelschule.st-aegidi.at\/wp-content\/uploads\/2023\/10\/20231008105934-m88-eroeffnung-id2-150x150.jpg 150w, https:\/\/mittelschule.st-aegidi.at\/wp-content\/uploads\/2023\/10\/20231008105934-m88-eroeffnung-id2-200x200.jpg 200w\" sizes=\"(max-width: 150px) 100vw, 150px\" \/><\/a>\n\t\t\t<\/dt><\/dl><dl class='gallery-item'>\n\t\t\t<dt class='gallery-icon landscape'>\n\t\t\t\t<a data-elementor-open-lightbox=\"yes\" data-elementor-lightbox-slideshow=\"b560856\" data-elementor-lightbox-title=\"20231008110630-m100-eroeffnung-id2\" data-e-action-hash=\"#elementor-action%3Aaction%3Dlightbox%26settings%3DeyJpZCI6MTUwNywidXJsIjoiaHR0cHM6XC9cL21pdHRlbHNjaHVsZS5zdC1hZWdpZGkuYXRcL3dwLWNvbnRlbnRcL3VwbG9hZHNcLzIwMjNcLzEwXC8yMDIzMTAwODExMDYzMC1tMTAwLWVyb2VmZm51bmctaWQyLmpwZyIsInNsaWRlc2hvdyI6ImI1NjA4NTYifQ%3D%3D\" href='https:\/\/mittelschule.st-aegidi.at\/wp-content\/uploads\/2023\/10\/20231008110630-m100-eroeffnung-id2.jpg'><img decoding=\"async\" width=\"150\" height=\"150\" src=\"https:\/\/mittelschule.st-aegidi.at\/wp-content\/uploads\/2023\/10\/20231008110630-m100-eroeffnung-id2-150x150.jpg\" class=\"attachment-thumbnail size-thumbnail\" alt=\"\" srcset=\"https:\/\/mittelschule.st-aegidi.at\/wp-content\/uploads\/2023\/10\/20231008110630-m100-eroeffnung-id2-150x150.jpg 150w, https:\/\/mittelschule.st-aegidi.at\/wp-content\/uploads\/2023\/10\/20231008110630-m100-eroeffnung-id2-200x200.jpg 200w\" sizes=\"(max-width: 150px) 100vw, 150px\" \/><\/a>\n\t\t\t<\/dt><\/dl><dl class='gallery-item'>\n\t\t\t<dt class='gallery-icon landscape'>\n\t\t\t\t<a data-elementor-open-lightbox=\"yes\" data-elementor-lightbox-slideshow=\"b560856\" data-elementor-lightbox-title=\"20231008114743-m120-eroeffnung-id2\" data-e-action-hash=\"#elementor-action%3Aaction%3Dlightbox%26settings%3DeyJpZCI6MTUwOCwidXJsIjoiaHR0cHM6XC9cL21pdHRlbHNjaHVsZS5zdC1hZWdpZGkuYXRcL3dwLWNvbnRlbnRcL3VwbG9hZHNcLzIwMjNcLzEwXC8yMDIzMTAwODExNDc0My1tMTIwLWVyb2VmZm51bmctaWQyLmpwZyIsInNsaWRlc2hvdyI6ImI1NjA4NTYifQ%3D%3D\" href='https:\/\/mittelschule.st-aegidi.at\/wp-content\/uploads\/2023\/10\/20231008114743-m120-eroeffnung-id2.jpg'><img loading=\"lazy\" decoding=\"async\" width=\"150\" height=\"150\" src=\"https:\/\/mittelschule.st-aegidi.at\/wp-content\/uploads\/2023\/10\/20231008114743-m120-eroeffnung-id2-150x150.jpg\" class=\"attachment-thumbnail size-thumbnail\" alt=\"\" srcset=\"https:\/\/mittelschule.st-aegidi.at\/wp-content\/uploads\/2023\/10\/20231008114743-m120-eroeffnung-id2-150x150.jpg 150w, https:\/\/mittelschule.st-aegidi.at\/wp-content\/uploads\/2023\/10\/20231008114743-m120-eroeffnung-id2-200x200.jpg 200w\" sizes=\"(max-width: 150px) 100vw, 150px\" \/><\/a>\n\t\t\t<\/dt><\/dl><br style=\"clear: both\" \/><dl class='gallery-item'>\n\t\t\t<dt class='gallery-icon landscape'>\n\t\t\t\t<a data-elementor-open-lightbox=\"yes\" data-elementor-lightbox-slideshow=\"b560856\" data-elementor-lightbox-title=\"20231008091743-m3-eroeffnung-id2\" data-e-action-hash=\"#elementor-action%3Aaction%3Dlightbox%26settings%3DeyJpZCI6MTUwMywidXJsIjoiaHR0cHM6XC9cL21pdHRlbHNjaHVsZS5zdC1hZWdpZGkuYXRcL3dwLWNvbnRlbnRcL3VwbG9hZHNcLzIwMjNcLzEwXC8yMDIzMTAwODA5MTc0My1tMy1lcm9lZmZudW5nLWlkMi5qcGciLCJzbGlkZXNob3ciOiJiNTYwODU2In0%3D\" href='https:\/\/mittelschule.st-aegidi.at\/wp-content\/uploads\/2023\/10\/20231008091743-m3-eroeffnung-id2.jpg'><img loading=\"lazy\" decoding=\"async\" width=\"150\" height=\"150\" src=\"https:\/\/mittelschule.st-aegidi.at\/wp-content\/uploads\/2023\/10\/20231008091743-m3-eroeffnung-id2-150x150.jpg\" class=\"attachment-thumbnail size-thumbnail\" alt=\"\" srcset=\"https:\/\/mittelschule.st-aegidi.at\/wp-content\/uploads\/2023\/10\/20231008091743-m3-eroeffnung-id2-150x150.jpg 150w, https:\/\/mittelschule.st-aegidi.at\/wp-content\/uploads\/2023\/10\/20231008091743-m3-eroeffnung-id2-200x200.jpg 200w\" sizes=\"(max-width: 150px) 100vw, 150px\" \/><\/a>\n\t\t\t<\/dt><\/dl><dl class='gallery-item'>\n\t\t\t<dt class='gallery-icon landscape'>\n\t\t\t\t<a data-elementor-open-lightbox=\"yes\" data-elementor-lightbox-slideshow=\"b560856\" data-elementor-lightbox-title=\"20231008092402-m15-eroeffnung-id2\" data-e-action-hash=\"#elementor-action%3Aaction%3Dlightbox%26settings%3DeyJpZCI6MTUwNCwidXJsIjoiaHR0cHM6XC9cL21pdHRlbHNjaHVsZS5zdC1hZWdpZGkuYXRcL3dwLWNvbnRlbnRcL3VwbG9hZHNcLzIwMjNcLzEwXC8yMDIzMTAwODA5MjQwMi1tMTUtZXJvZWZmbnVuZy1pZDIuanBnIiwic2xpZGVzaG93IjoiYjU2MDg1NiJ9\" href='https:\/\/mittelschule.st-aegidi.at\/wp-content\/uploads\/2023\/10\/20231008092402-m15-eroeffnung-id2.jpg'><img loading=\"lazy\" decoding=\"async\" width=\"150\" height=\"150\" src=\"https:\/\/mittelschule.st-aegidi.at\/wp-content\/uploads\/2023\/10\/20231008092402-m15-eroeffnung-id2-150x150.jpg\" class=\"attachment-thumbnail size-thumbnail\" alt=\"\" srcset=\"https:\/\/mittelschule.st-aegidi.at\/wp-content\/uploads\/2023\/10\/20231008092402-m15-eroeffnung-id2-150x150.jpg 150w, https:\/\/mittelschule.st-aegidi.at\/wp-content\/uploads\/2023\/10\/20231008092402-m15-eroeffnung-id2-200x200.jpg 200w\" sizes=\"(max-width: 150px) 100vw, 150px\" \/><\/a>\n\t\t\t<\/dt><\/dl>\n\t\t\t<br style='clear: both' \/>\n\t\t<\/div>\n\t\t<\/div>\n\t\t\t\t<\/div>\n\t\t\t\t<\/div>\n\t\t\t\t\t<\/div>\n\t\t<\/div>\n\t\t\t\t\t<\/div>\n\t\t<\/section>\n\t\t\t\t<\/div>\n\t\t","protected":false},"excerpt":{"rendered":"<p>Der Sch\u00fclerchor unserer Mittelschule, unter der Leitung von Herrn Reisenberger, gestaltete mit den drei Liedern \u201e\u00c4gidinger Lied\u201c, \u201eSchoolboogie\u201c und \u201eForever young\u201c den Festakt der feierlichen Ortsplatzer\u00f6ffnung am 8.10.2023 mit. Die Gemeinde lud zu einem gro\u00dfen Dorffest mit vielen Ehreng\u00e4sten, unter ihnen auch unser Landeshauptmann Dr. Thomas Stelzer, ein. Im Anschluss st\u00e4rkten sich unsere Sch\u00fcler*innen mit Schnitzel und Getr\u00e4nken, zu denen sie von der Gemeinde eingeladen wurden. &nbsp; &nbsp;<\/p>\n","protected":false},"author":2,"featured_media":1506,"comment_status":"closed","ping_status":"open","sticky":false,"template":"","format":"standard","meta":{"_jetpack_memberships_contains_paid_content":false,"footnotes":""},"categories":[8],"tags":[],"class_list":["post-1502","post","type-post","status-publish","format-standard","has-post-thumbnail","hentry","category-startseite"],"jetpack_sharing_enabled":true,"jetpack_featured_media_url":"https:\/\/mittelschule.st-aegidi.at\/wp-content\/uploads\/2023\/10\/20231008105934-m88-eroeffnung-id2.jpg","_links":{"self":[{"href":"https:\/\/mittelschule.st-aegidi.at\/index.php\/wp-json\/wp\/v2\/posts\/1502","targetHints":{"allow":["GET"]}}],"collection":[{"href":"https:\/\/mittelschule.st-aegidi.at\/index.php\/wp-json\/wp\/v2\/posts"}],"about":[{"href":"https:\/\/mittelschule.st-aegidi.at\/index.php\/wp-json\/wp\/v2\/types\/post"}],"author":[{"embeddable":true,"href":"https:\/\/mittelschule.st-aegidi.at\/index.php\/wp-json\/wp\/v2\/users\/2"}],"replies":[{"embeddable":true,"href":"https:\/\/mittelschule.st-aegidi.at\/index.php\/wp-json\/wp\/v2\/comments?post=1502"}],"version-history":[{"count":8,"href":"https:\/\/mittelschule.st-aegidi.at\/index.php\/wp-json\/wp\/v2\/posts\/1502\/revisions"}],"predecessor-version":[{"id":1530,"href":"https:\/\/mittelschule.st-aegidi.at\/index.php\/wp-json\/wp\/v2\/posts\/1502\/revisions\/1530"}],"wp:featuredmedia":[{"embeddable":true,"href":"https:\/\/mittelschule.st-aegidi.at\/index.php\/wp-json\/wp\/v2\/media\/1506"}],"wp:attachment":[{"href":"https:\/\/mittelschule.st-aegidi.at\/index.php\/wp-json\/wp\/v2\/media?parent=1502"}],"wp:term":[{"taxonomy":"category","embeddable":true,"href":"https:\/\/mittelschule.st-aegidi.at\/index.php\/wp-json\/wp\/v2\/categories?post=1502"},{"taxonomy":"post_tag","embeddable":true,"href":"https:\/\/mittelschule.st-aegidi.at\/index.php\/wp-json\/wp\/v2\/tags?post=1502"}],"curies":[{"name":"wp","href":"https:\/\/api.w.org\/{rel}","templated":true}]}}