{"id":2006,"date":"2025-04-09T12:09:57","date_gmt":"2025-04-09T12:09:57","guid":{"rendered":"https:\/\/mittelschule.st-aegidi.at\/?p=2006"},"modified":"2025-04-09T12:12:25","modified_gmt":"2025-04-09T12:12:25","slug":"muellsammelaktion-hui-statt-pfui","status":"publish","type":"post","link":"https:\/\/mittelschule.st-aegidi.at\/index.php\/2025\/04\/09\/muellsammelaktion-hui-statt-pfui\/","title":{"rendered":"M\u00fcllsammelaktion \u201eHui statt Pfui\u201c"},"content":{"rendered":"\t\t<div data-elementor-type=\"wp-post\" data-elementor-id=\"2006\" class=\"elementor elementor-2006\">\n\t\t\t\t\t\t<section class=\"elementor-section elementor-top-section elementor-element elementor-element-d654b3f elementor-section-boxed elementor-section-height-default elementor-section-height-default\" data-id=\"d654b3f\" data-element_type=\"section\">\n\t\t\t\t\t\t<div class=\"elementor-container elementor-column-gap-default\">\n\t\t\t\t\t<div class=\"elementor-column elementor-col-100 elementor-top-column elementor-element elementor-element-1272500\" data-id=\"1272500\" data-element_type=\"column\">\n\t\t\t<div class=\"elementor-widget-wrap elementor-element-populated\">\n\t\t\t\t\t\t<div class=\"elementor-element elementor-element-5b1384e elementor-widget elementor-widget-text-editor\" data-id=\"5b1384e\" data-element_type=\"widget\" data-widget_type=\"text-editor.default\">\n\t\t\t\t<div class=\"elementor-widget-container\">\n\t\t\t\t\t\t\t<p>Bei der j\u00e4hrlichen Flurreinigungsaktion \u201eHui statt Pfui\u201c der Mittelschule St. Aegidi waren die Sch\u00fcler und Sch\u00fclerinnen der 1. und 2. Klasse wieder im gesamten Ortszentrum f\u00fcr den Umweltschutz und die Bewusstseinsbildung unterwegs.<\/p><p>Die eifrigen Sch\u00fcler sammelten zusammen mit ihren Lehrkr\u00e4ften den achtlos weggeworfenen Abfall entlang von Stra\u00dfen und \u00f6ffentlichen Gr\u00fcnfl\u00e4chen im Ortsgebiet von St. Aegidi.<\/p><p>Als kleines Dankesch\u00f6n f\u00fcr die M\u00fcllsammelaktion \u00fcberreichte Umweltausschussobfrau Sabine Hamedinger \u00c4pfel und S\u00fc\u00dfigkeiten an die flei\u00dfigen Sch\u00fcler sowie an das Lehrerteam.<\/p><p>\u00a0<\/p><p><strong>Foto v. links<\/strong>: Sabine Hamedinger (Umweltausschussobfrau), 1. + 2. Klasse Mittelschule St. Aegidi<\/p>\t\t\t\t\t\t<\/div>\n\t\t\t\t<\/div>\n\t\t\t\t\t<\/div>\n\t\t<\/div>\n\t\t\t\t\t<\/div>\n\t\t<\/section>\n\t\t\t\t<section class=\"elementor-section elementor-top-section elementor-element elementor-element-1fc2988 elementor-section-boxed elementor-section-height-default elementor-section-height-default\" data-id=\"1fc2988\" data-element_type=\"section\">\n\t\t\t\t\t\t<div class=\"elementor-container elementor-column-gap-default\">\n\t\t\t\t\t<div class=\"elementor-column elementor-col-100 elementor-top-column elementor-element elementor-element-c3394db\" data-id=\"c3394db\" data-element_type=\"column\">\n\t\t\t<div class=\"elementor-widget-wrap elementor-element-populated\">\n\t\t\t\t\t\t<div class=\"elementor-element elementor-element-b4fe9f3 elementor-widget elementor-widget-image-gallery\" data-id=\"b4fe9f3\" data-element_type=\"widget\" data-widget_type=\"image-gallery.default\">\n\t\t\t\t<div class=\"elementor-widget-container\">\n\t\t\t\t\t<div class=\"elementor-image-gallery\">\n\t\t\t\n\t\t<style type=\"text\/css\">\n\t\t\t#gallery-1 {\n\t\t\t\tmargin: auto;\n\t\t\t}\n\t\t\t#gallery-1 .gallery-item {\n\t\t\t\tfloat: left;\n\t\t\t\tmargin-top: 10px;\n\t\t\t\ttext-align: center;\n\t\t\t\twidth: 25%;\n\t\t\t}\n\t\t\t#gallery-1 img {\n\t\t\t\tborder: 2px solid #cfcfcf;\n\t\t\t}\n\t\t\t#gallery-1 .gallery-caption {\n\t\t\t\tmargin-left: 0;\n\t\t\t}\n\t\t\t\/* see gallery_shortcode() in wp-includes\/media.php *\/\n\t\t<\/style>\n\t\t<div id='gallery-1' class='gallery galleryid-2006 gallery-columns-4 gallery-size-thumbnail'><dl class='gallery-item'>\n\t\t\t<dt class='gallery-icon landscape'>\n\t\t\t\t<a data-elementor-open-lightbox=\"yes\" data-elementor-lightbox-slideshow=\"b4fe9f3\" data-elementor-lightbox-title=\"10_hui statt pfui_1\" data-e-action-hash=\"#elementor-action%3Aaction%3Dlightbox%26settings%3DeyJpZCI6MjAwNywidXJsIjoiaHR0cHM6XC9cL21pdHRlbHNjaHVsZS5zdC1hZWdpZGkuYXRcL3dwLWNvbnRlbnRcL3VwbG9hZHNcLzIwMjVcLzA0XC8xMF9odWktc3RhdHQtcGZ1aV8xLXNjYWxlZC5qcGciLCJzbGlkZXNob3ciOiJiNGZlOWYzIn0%3D\" href='https:\/\/mittelschule.st-aegidi.at\/wp-content\/uploads\/2025\/04\/10_hui-statt-pfui_1-scaled.jpg'><img decoding=\"async\" width=\"150\" height=\"150\" src=\"https:\/\/mittelschule.st-aegidi.at\/wp-content\/uploads\/2025\/04\/10_hui-statt-pfui_1-150x150.jpg\" class=\"attachment-thumbnail size-thumbnail\" alt=\"\" srcset=\"https:\/\/mittelschule.st-aegidi.at\/wp-content\/uploads\/2025\/04\/10_hui-statt-pfui_1-150x150.jpg 150w, https:\/\/mittelschule.st-aegidi.at\/wp-content\/uploads\/2025\/04\/10_hui-statt-pfui_1-200x200.jpg 200w\" sizes=\"(max-width: 150px) 100vw, 150px\" \/><\/a>\n\t\t\t<\/dt><\/dl><dl class='gallery-item'>\n\t\t\t<dt class='gallery-icon landscape'>\n\t\t\t\t<a data-elementor-open-lightbox=\"yes\" data-elementor-lightbox-slideshow=\"b4fe9f3\" data-elementor-lightbox-title=\"10_hui statt pfui_2\" data-e-action-hash=\"#elementor-action%3Aaction%3Dlightbox%26settings%3DeyJpZCI6MjAwOCwidXJsIjoiaHR0cHM6XC9cL21pdHRlbHNjaHVsZS5zdC1hZWdpZGkuYXRcL3dwLWNvbnRlbnRcL3VwbG9hZHNcLzIwMjVcLzA0XC8xMF9odWktc3RhdHQtcGZ1aV8yLXNjYWxlZC5qcGciLCJzbGlkZXNob3ciOiJiNGZlOWYzIn0%3D\" href='https:\/\/mittelschule.st-aegidi.at\/wp-content\/uploads\/2025\/04\/10_hui-statt-pfui_2-scaled.jpg'><img decoding=\"async\" width=\"150\" height=\"150\" src=\"https:\/\/mittelschule.st-aegidi.at\/wp-content\/uploads\/2025\/04\/10_hui-statt-pfui_2-150x150.jpg\" class=\"attachment-thumbnail size-thumbnail\" alt=\"\" srcset=\"https:\/\/mittelschule.st-aegidi.at\/wp-content\/uploads\/2025\/04\/10_hui-statt-pfui_2-150x150.jpg 150w, https:\/\/mittelschule.st-aegidi.at\/wp-content\/uploads\/2025\/04\/10_hui-statt-pfui_2-200x200.jpg 200w\" sizes=\"(max-width: 150px) 100vw, 150px\" \/><\/a>\n\t\t\t<\/dt><\/dl><dl class='gallery-item'>\n\t\t\t<dt class='gallery-icon landscape'>\n\t\t\t\t<a data-elementor-open-lightbox=\"yes\" data-elementor-lightbox-slideshow=\"b4fe9f3\" data-elementor-lightbox-title=\"10_hui statt pfui_3\" data-e-action-hash=\"#elementor-action%3Aaction%3Dlightbox%26settings%3DeyJpZCI6MjAwOSwidXJsIjoiaHR0cHM6XC9cL21pdHRlbHNjaHVsZS5zdC1hZWdpZGkuYXRcL3dwLWNvbnRlbnRcL3VwbG9hZHNcLzIwMjVcLzA0XC8xMF9odWktc3RhdHQtcGZ1aV8zLXNjYWxlZC5qcGciLCJzbGlkZXNob3ciOiJiNGZlOWYzIn0%3D\" href='https:\/\/mittelschule.st-aegidi.at\/wp-content\/uploads\/2025\/04\/10_hui-statt-pfui_3-scaled.jpg'><img decoding=\"async\" width=\"150\" height=\"150\" src=\"https:\/\/mittelschule.st-aegidi.at\/wp-content\/uploads\/2025\/04\/10_hui-statt-pfui_3-150x150.jpg\" class=\"attachment-thumbnail size-thumbnail\" alt=\"\" srcset=\"https:\/\/mittelschule.st-aegidi.at\/wp-content\/uploads\/2025\/04\/10_hui-statt-pfui_3-150x150.jpg 150w, https:\/\/mittelschule.st-aegidi.at\/wp-content\/uploads\/2025\/04\/10_hui-statt-pfui_3-200x200.jpg 200w\" sizes=\"(max-width: 150px) 100vw, 150px\" \/><\/a>\n\t\t\t<\/dt><\/dl>\n\t\t\t<br style='clear: both' \/>\n\t\t<\/div>\n\t\t<\/div>\n\t\t\t\t<\/div>\n\t\t\t\t<\/div>\n\t\t\t\t\t<\/div>\n\t\t<\/div>\n\t\t\t\t\t<\/div>\n\t\t<\/section>\n\t\t\t\t<\/div>\n\t\t","protected":false},"excerpt":{"rendered":"<p>Bei der j\u00e4hrlichen Flurreinigungsaktion \u201eHui statt Pfui\u201c der Mittelschule St. Aegidi waren die Sch\u00fcler und Sch\u00fclerinnen der 1. und 2. Klasse wieder im gesamten Ortszentrum f\u00fcr den Umweltschutz und die Bewusstseinsbildung unterwegs. Die eifrigen Sch\u00fcler sammelten zusammen mit ihren Lehrkr\u00e4ften den achtlos weggeworfenen Abfall entlang von Stra\u00dfen und \u00f6ffentlichen Gr\u00fcnfl\u00e4chen im Ortsgebiet von St. Aegidi. Als kleines Dankesch\u00f6n f\u00fcr die M\u00fcllsammelaktion \u00fcberreichte Umweltausschussobfrau Sabine Hamedinger \u00c4pfel und S\u00fc\u00dfigkeiten an die <a class=\"more-link\" href=\"https:\/\/mittelschule.st-aegidi.at\/index.php\/2025\/04\/09\/muellsammelaktion-hui-statt-pfui\/\">weiterlesen&#8230;<\/a><\/p>\n","protected":false},"author":2,"featured_media":2008,"comment_status":"closed","ping_status":"open","sticky":false,"template":"","format":"standard","meta":{"_jetpack_memberships_contains_paid_content":false,"footnotes":""},"categories":[8],"tags":[],"class_list":["post-2006","post","type-post","status-publish","format-standard","has-post-thumbnail","hentry","category-startseite"],"jetpack_sharing_enabled":true,"jetpack_featured_media_url":"https:\/\/mittelschule.st-aegidi.at\/wp-content\/uploads\/2025\/04\/10_hui-statt-pfui_2-scaled.jpg","_links":{"self":[{"href":"https:\/\/mittelschule.st-aegidi.at\/index.php\/wp-json\/wp\/v2\/posts\/2006","targetHints":{"allow":["GET"]}}],"collection":[{"href":"https:\/\/mittelschule.st-aegidi.at\/index.php\/wp-json\/wp\/v2\/posts"}],"about":[{"href":"https:\/\/mittelschule.st-aegidi.at\/index.php\/wp-json\/wp\/v2\/types\/post"}],"author":[{"embeddable":true,"href":"https:\/\/mittelschule.st-aegidi.at\/index.php\/wp-json\/wp\/v2\/users\/2"}],"replies":[{"embeddable":true,"href":"https:\/\/mittelschule.st-aegidi.at\/index.php\/wp-json\/wp\/v2\/comments?post=2006"}],"version-history":[{"count":4,"href":"https:\/\/mittelschule.st-aegidi.at\/index.php\/wp-json\/wp\/v2\/posts\/2006\/revisions"}],"predecessor-version":[{"id":2013,"href":"https:\/\/mittelschule.st-aegidi.at\/index.php\/wp-json\/wp\/v2\/posts\/2006\/revisions\/2013"}],"wp:featuredmedia":[{"embeddable":true,"href":"https:\/\/mittelschule.st-aegidi.at\/index.php\/wp-json\/wp\/v2\/media\/2008"}],"wp:attachment":[{"href":"https:\/\/mittelschule.st-aegidi.at\/index.php\/wp-json\/wp\/v2\/media?parent=2006"}],"wp:term":[{"taxonomy":"category","embeddable":true,"href":"https:\/\/mittelschule.st-aegidi.at\/index.php\/wp-json\/wp\/v2\/categories?post=2006"},{"taxonomy":"post_tag","embeddable":true,"href":"https:\/\/mittelschule.st-aegidi.at\/index.php\/wp-json\/wp\/v2\/tags?post=2006"}],"curies":[{"name":"wp","href":"https:\/\/api.w.org\/{rel}","templated":true}]}}