{"id":2145,"date":"2025-06-17T07:27:40","date_gmt":"2025-06-17T07:27:40","guid":{"rendered":"https:\/\/mittelschule.st-aegidi.at\/?p=2145"},"modified":"2025-06-17T07:29:03","modified_gmt":"2025-06-17T07:29:03","slug":"kunst-workshop-im-schuetz-art-museum","status":"publish","type":"post","link":"https:\/\/mittelschule.st-aegidi.at\/index.php\/2025\/06\/17\/kunst-workshop-im-schuetz-art-museum\/","title":{"rendered":"Kunst-Workshop im Sch\u00fctz Art Museum"},"content":{"rendered":"\t\t<div data-elementor-type=\"wp-post\" data-elementor-id=\"2145\" class=\"elementor elementor-2145\">\n\t\t\t\t\t\t<section class=\"elementor-section elementor-top-section elementor-element elementor-element-1fdef79 elementor-section-boxed elementor-section-height-default elementor-section-height-default\" data-id=\"1fdef79\" data-element_type=\"section\">\n\t\t\t\t\t\t<div class=\"elementor-container elementor-column-gap-default\">\n\t\t\t\t\t<div class=\"elementor-column elementor-col-100 elementor-top-column elementor-element elementor-element-d8d3e7d\" data-id=\"d8d3e7d\" data-element_type=\"column\">\n\t\t\t<div class=\"elementor-widget-wrap elementor-element-populated\">\n\t\t\t\t\t\t<div class=\"elementor-element elementor-element-eaf5f97 elementor-widget elementor-widget-text-editor\" data-id=\"eaf5f97\" data-element_type=\"widget\" data-widget_type=\"text-editor.default\">\n\t\t\t\t<div class=\"elementor-widget-container\">\n\t\t\t\t\t\t\t<p><span style=\"color: #000000; font-family: Aptos, sans-serif; font-size: 12px; font-style: normal; font-weight: 400;\">Die 2. Klasse war am 6.6. im Sch\u00fctz Art Museum in Engelhartszell zu einem Workshop mit dem Glask\u00fcnstler \u201eCHRISCH\u201c eingeladen. Die Sch\u00fcler:innen konnten nicht nur dem K\u00fcnstler bei seinem Schaffen \u00fcber die Schulter schauen, sondern auch selbst kreativ arbeiten. So wurden Glasgef\u00e4\u00dfe graviert und mit Pastellkreiden ein Gem\u00e4lde auf Velourpapier gestaltet.<\/span><\/p>\t\t\t\t\t\t<\/div>\n\t\t\t\t<\/div>\n\t\t\t\t\t<\/div>\n\t\t<\/div>\n\t\t\t\t\t<\/div>\n\t\t<\/section>\n\t\t\t\t<section class=\"elementor-section elementor-top-section elementor-element elementor-element-4b7eda1 elementor-section-boxed elementor-section-height-default elementor-section-height-default\" data-id=\"4b7eda1\" data-element_type=\"section\">\n\t\t\t\t\t\t<div class=\"elementor-container elementor-column-gap-default\">\n\t\t\t\t\t<div class=\"elementor-column elementor-col-100 elementor-top-column elementor-element elementor-element-53a8896\" data-id=\"53a8896\" data-element_type=\"column\">\n\t\t\t<div class=\"elementor-widget-wrap elementor-element-populated\">\n\t\t\t\t\t\t<div class=\"elementor-element elementor-element-2ee5b35 elementor-widget elementor-widget-image-gallery\" data-id=\"2ee5b35\" data-element_type=\"widget\" data-widget_type=\"image-gallery.default\">\n\t\t\t\t<div class=\"elementor-widget-container\">\n\t\t\t\t\t<div class=\"elementor-image-gallery\">\n\t\t\t\n\t\t<style type=\"text\/css\">\n\t\t\t#gallery-1 {\n\t\t\t\tmargin: auto;\n\t\t\t}\n\t\t\t#gallery-1 .gallery-item {\n\t\t\t\tfloat: left;\n\t\t\t\tmargin-top: 10px;\n\t\t\t\ttext-align: center;\n\t\t\t\twidth: 25%;\n\t\t\t}\n\t\t\t#gallery-1 img {\n\t\t\t\tborder: 2px solid #cfcfcf;\n\t\t\t}\n\t\t\t#gallery-1 .gallery-caption {\n\t\t\t\tmargin-left: 0;\n\t\t\t}\n\t\t\t\/* see gallery_shortcode() in wp-includes\/media.php *\/\n\t\t<\/style>\n\t\t<div id='gallery-1' class='gallery galleryid-2145 gallery-columns-4 gallery-size-thumbnail'><dl class='gallery-item'>\n\t\t\t<dt class='gallery-icon landscape'>\n\t\t\t\t<a data-elementor-open-lightbox=\"yes\" data-elementor-lightbox-slideshow=\"2ee5b35\" data-elementor-lightbox-title=\"K\u00fcnstler\" data-e-action-hash=\"#elementor-action%3Aaction%3Dlightbox%26settings%3DeyJpZCI6MjE0NiwidXJsIjoiaHR0cHM6XC9cL21pdHRlbHNjaHVsZS5zdC1hZWdpZGkuYXRcL3dwLWNvbnRlbnRcL3VwbG9hZHNcLzIwMjVcLzA2XC9LdWVuc3RsZXItc2NhbGVkLmpwZyIsInNsaWRlc2hvdyI6IjJlZTViMzUifQ%3D%3D\" href='https:\/\/mittelschule.st-aegidi.at\/wp-content\/uploads\/2025\/06\/Kuenstler-scaled.jpg'><img decoding=\"async\" width=\"150\" height=\"150\" src=\"https:\/\/mittelschule.st-aegidi.at\/wp-content\/uploads\/2025\/06\/Kuenstler-150x150.jpg\" class=\"attachment-thumbnail size-thumbnail\" alt=\"\" srcset=\"https:\/\/mittelschule.st-aegidi.at\/wp-content\/uploads\/2025\/06\/Kuenstler-150x150.jpg 150w, https:\/\/mittelschule.st-aegidi.at\/wp-content\/uploads\/2025\/06\/Kuenstler-200x200.jpg 200w\" sizes=\"(max-width: 150px) 100vw, 150px\" \/><\/a>\n\t\t\t<\/dt><\/dl><dl class='gallery-item'>\n\t\t\t<dt class='gallery-icon landscape'>\n\t\t\t\t<a data-elementor-open-lightbox=\"yes\" data-elementor-lightbox-slideshow=\"2ee5b35\" data-elementor-lightbox-title=\"GruppenfotoMuseum\" data-e-action-hash=\"#elementor-action%3Aaction%3Dlightbox%26settings%3DeyJpZCI6MjE0NywidXJsIjoiaHR0cHM6XC9cL21pdHRlbHNjaHVsZS5zdC1hZWdpZGkuYXRcL3dwLWNvbnRlbnRcL3VwbG9hZHNcLzIwMjVcLzA2XC9HcnVwcGVuZm90b011c2V1bS1zY2FsZWQuanBnIiwic2xpZGVzaG93IjoiMmVlNWIzNSJ9\" href='https:\/\/mittelschule.st-aegidi.at\/wp-content\/uploads\/2025\/06\/GruppenfotoMuseum-scaled.jpg'><img decoding=\"async\" width=\"150\" height=\"150\" src=\"https:\/\/mittelschule.st-aegidi.at\/wp-content\/uploads\/2025\/06\/GruppenfotoMuseum-150x150.jpg\" class=\"attachment-thumbnail size-thumbnail\" alt=\"\" srcset=\"https:\/\/mittelschule.st-aegidi.at\/wp-content\/uploads\/2025\/06\/GruppenfotoMuseum-150x150.jpg 150w, https:\/\/mittelschule.st-aegidi.at\/wp-content\/uploads\/2025\/06\/GruppenfotoMuseum-200x200.jpg 200w\" sizes=\"(max-width: 150px) 100vw, 150px\" \/><\/a>\n\t\t\t<\/dt><\/dl><dl class='gallery-item'>\n\t\t\t<dt class='gallery-icon landscape'>\n\t\t\t\t<a data-elementor-open-lightbox=\"yes\" data-elementor-lightbox-slideshow=\"2ee5b35\" data-elementor-lightbox-title=\"Gruppenfoto\" data-e-action-hash=\"#elementor-action%3Aaction%3Dlightbox%26settings%3DeyJpZCI6MjE0OCwidXJsIjoiaHR0cHM6XC9cL21pdHRlbHNjaHVsZS5zdC1hZWdpZGkuYXRcL3dwLWNvbnRlbnRcL3VwbG9hZHNcLzIwMjVcLzA2XC9HcnVwcGVuZm90by1zY2FsZWQuanBnIiwic2xpZGVzaG93IjoiMmVlNWIzNSJ9\" href='https:\/\/mittelschule.st-aegidi.at\/wp-content\/uploads\/2025\/06\/Gruppenfoto-scaled.jpg'><img decoding=\"async\" width=\"150\" height=\"150\" src=\"https:\/\/mittelschule.st-aegidi.at\/wp-content\/uploads\/2025\/06\/Gruppenfoto-150x150.jpg\" class=\"attachment-thumbnail size-thumbnail\" alt=\"\" srcset=\"https:\/\/mittelschule.st-aegidi.at\/wp-content\/uploads\/2025\/06\/Gruppenfoto-150x150.jpg 150w, https:\/\/mittelschule.st-aegidi.at\/wp-content\/uploads\/2025\/06\/Gruppenfoto-200x200.jpg 200w\" sizes=\"(max-width: 150px) 100vw, 150px\" \/><\/a>\n\t\t\t<\/dt><\/dl><dl class='gallery-item'>\n\t\t\t<dt class='gallery-icon landscape'>\n\t\t\t\t<a data-elementor-open-lightbox=\"yes\" data-elementor-lightbox-slideshow=\"2ee5b35\" data-elementor-lightbox-title=\"Gem\u00e4lde\" data-e-action-hash=\"#elementor-action%3Aaction%3Dlightbox%26settings%3DeyJpZCI6MjE0OSwidXJsIjoiaHR0cHM6XC9cL21pdHRlbHNjaHVsZS5zdC1hZWdpZGkuYXRcL3dwLWNvbnRlbnRcL3VwbG9hZHNcLzIwMjVcLzA2XC9HZW1hZWxkZS1zY2FsZWQuanBnIiwic2xpZGVzaG93IjoiMmVlNWIzNSJ9\" href='https:\/\/mittelschule.st-aegidi.at\/wp-content\/uploads\/2025\/06\/Gemaelde-scaled.jpg'><img loading=\"lazy\" decoding=\"async\" width=\"150\" height=\"150\" src=\"https:\/\/mittelschule.st-aegidi.at\/wp-content\/uploads\/2025\/06\/Gemaelde-150x150.jpg\" class=\"attachment-thumbnail size-thumbnail\" alt=\"\" srcset=\"https:\/\/mittelschule.st-aegidi.at\/wp-content\/uploads\/2025\/06\/Gemaelde-150x150.jpg 150w, https:\/\/mittelschule.st-aegidi.at\/wp-content\/uploads\/2025\/06\/Gemaelde-200x200.jpg 200w\" sizes=\"(max-width: 150px) 100vw, 150px\" \/><\/a>\n\t\t\t<\/dt><\/dl><br style=\"clear: both\" \/>\n\t\t<\/div>\n\t\t<\/div>\n\t\t\t\t<\/div>\n\t\t\t\t<\/div>\n\t\t\t\t\t<\/div>\n\t\t<\/div>\n\t\t\t\t\t<\/div>\n\t\t<\/section>\n\t\t\t\t<\/div>\n\t\t","protected":false},"excerpt":{"rendered":"<p>Die 2. Klasse war am 6.6. im Sch\u00fctz Art Museum in Engelhartszell zu einem Workshop mit dem Glask\u00fcnstler \u201eCHRISCH\u201c eingeladen. Die Sch\u00fcler:innen konnten nicht nur dem K\u00fcnstler bei seinem Schaffen \u00fcber die Schulter schauen, sondern auch selbst kreativ arbeiten. So wurden Glasgef\u00e4\u00dfe graviert und mit Pastellkreiden ein Gem\u00e4lde auf Velourpapier gestaltet. &nbsp;<\/p>\n","protected":false},"author":2,"featured_media":2148,"comment_status":"closed","ping_status":"open","sticky":false,"template":"","format":"standard","meta":{"_jetpack_memberships_contains_paid_content":false,"footnotes":""},"categories":[8],"tags":[],"class_list":["post-2145","post","type-post","status-publish","format-standard","has-post-thumbnail","hentry","category-startseite"],"jetpack_sharing_enabled":true,"jetpack_featured_media_url":"https:\/\/mittelschule.st-aegidi.at\/wp-content\/uploads\/2025\/06\/Gruppenfoto-scaled.jpg","_links":{"self":[{"href":"https:\/\/mittelschule.st-aegidi.at\/index.php\/wp-json\/wp\/v2\/posts\/2145","targetHints":{"allow":["GET"]}}],"collection":[{"href":"https:\/\/mittelschule.st-aegidi.at\/index.php\/wp-json\/wp\/v2\/posts"}],"about":[{"href":"https:\/\/mittelschule.st-aegidi.at\/index.php\/wp-json\/wp\/v2\/types\/post"}],"author":[{"embeddable":true,"href":"https:\/\/mittelschule.st-aegidi.at\/index.php\/wp-json\/wp\/v2\/users\/2"}],"replies":[{"embeddable":true,"href":"https:\/\/mittelschule.st-aegidi.at\/index.php\/wp-json\/wp\/v2\/comments?post=2145"}],"version-history":[{"count":4,"href":"https:\/\/mittelschule.st-aegidi.at\/index.php\/wp-json\/wp\/v2\/posts\/2145\/revisions"}],"predecessor-version":[{"id":2153,"href":"https:\/\/mittelschule.st-aegidi.at\/index.php\/wp-json\/wp\/v2\/posts\/2145\/revisions\/2153"}],"wp:featuredmedia":[{"embeddable":true,"href":"https:\/\/mittelschule.st-aegidi.at\/index.php\/wp-json\/wp\/v2\/media\/2148"}],"wp:attachment":[{"href":"https:\/\/mittelschule.st-aegidi.at\/index.php\/wp-json\/wp\/v2\/media?parent=2145"}],"wp:term":[{"taxonomy":"category","embeddable":true,"href":"https:\/\/mittelschule.st-aegidi.at\/index.php\/wp-json\/wp\/v2\/categories?post=2145"},{"taxonomy":"post_tag","embeddable":true,"href":"https:\/\/mittelschule.st-aegidi.at\/index.php\/wp-json\/wp\/v2\/tags?post=2145"}],"curies":[{"name":"wp","href":"https:\/\/api.w.org\/{rel}","templated":true}]}}