{"id":2198,"date":"2025-07-04T11:01:35","date_gmt":"2025-07-04T11:01:35","guid":{"rendered":"https:\/\/mittelschule.st-aegidi.at\/?p=2198"},"modified":"2025-07-04T11:09:13","modified_gmt":"2025-07-04T11:09:13","slug":"sporttag-5","status":"publish","type":"post","link":"https:\/\/mittelschule.st-aegidi.at\/index.php\/2025\/07\/04\/sporttag-5\/","title":{"rendered":"Sporttag"},"content":{"rendered":"\t\t<div data-elementor-type=\"wp-post\" data-elementor-id=\"2198\" class=\"elementor elementor-2198\">\n\t\t\t\t\t\t<section class=\"elementor-section elementor-top-section elementor-element elementor-element-6aa61a1 elementor-section-boxed elementor-section-height-default elementor-section-height-default\" data-id=\"6aa61a1\" data-element_type=\"section\">\n\t\t\t\t\t\t<div class=\"elementor-container elementor-column-gap-default\">\n\t\t\t\t\t<div class=\"elementor-column elementor-col-100 elementor-top-column elementor-element elementor-element-5bf1670\" data-id=\"5bf1670\" data-element_type=\"column\">\n\t\t\t<div class=\"elementor-widget-wrap elementor-element-populated\">\n\t\t\t\t\t\t<div class=\"elementor-element elementor-element-b98175f elementor-widget elementor-widget-text-editor\" data-id=\"b98175f\" data-element_type=\"widget\" data-widget_type=\"text-editor.default\">\n\t\t\t\t<div class=\"elementor-widget-container\">\n\t\t\t\t\t\t\t<p>Am 18.6. fand der traditionelle Sporttag mit der schulinternen Leichtathletikmeisterschaft statt. Auf dem Programm standen Weitsprung, Schlagball, 60 m \u2013 Lauf und ein ca. 1000 m Gel\u00e4ndelauf.<br \/>Die drei bestplatzierten Teilnehmerinnen und Teilnehmer der Ober- und Unterstufe sowie die schnellsten L\u00e4uferinnen und L\u00e4ufer erhielten eine Urkunde.<\/p>\t\t\t\t\t\t<\/div>\n\t\t\t\t<\/div>\n\t\t\t\t\t<\/div>\n\t\t<\/div>\n\t\t\t\t\t<\/div>\n\t\t<\/section>\n\t\t\t\t<section class=\"elementor-section elementor-top-section elementor-element elementor-element-dc69ab9 elementor-section-boxed elementor-section-height-default elementor-section-height-default\" data-id=\"dc69ab9\" data-element_type=\"section\">\n\t\t\t\t\t\t<div class=\"elementor-container elementor-column-gap-default\">\n\t\t\t\t\t<div class=\"elementor-column elementor-col-100 elementor-top-column elementor-element elementor-element-1499a4c\" data-id=\"1499a4c\" data-element_type=\"column\">\n\t\t\t<div class=\"elementor-widget-wrap elementor-element-populated\">\n\t\t\t\t\t\t<div class=\"elementor-element elementor-element-a1d26b5 elementor-widget elementor-widget-image-gallery\" data-id=\"a1d26b5\" data-element_type=\"widget\" data-widget_type=\"image-gallery.default\">\n\t\t\t\t<div class=\"elementor-widget-container\">\n\t\t\t\t\t<div class=\"elementor-image-gallery\">\n\t\t\t\n\t\t<style type=\"text\/css\">\n\t\t\t#gallery-1 {\n\t\t\t\tmargin: auto;\n\t\t\t}\n\t\t\t#gallery-1 .gallery-item {\n\t\t\t\tfloat: left;\n\t\t\t\tmargin-top: 10px;\n\t\t\t\ttext-align: center;\n\t\t\t\twidth: 25%;\n\t\t\t}\n\t\t\t#gallery-1 img {\n\t\t\t\tborder: 2px solid #cfcfcf;\n\t\t\t}\n\t\t\t#gallery-1 .gallery-caption {\n\t\t\t\tmargin-left: 0;\n\t\t\t}\n\t\t\t\/* see gallery_shortcode() in wp-includes\/media.php *\/\n\t\t<\/style>\n\t\t<div id='gallery-1' class='gallery galleryid-2198 gallery-columns-4 gallery-size-thumbnail'><dl class='gallery-item'>\n\t\t\t<dt class='gallery-icon landscape'>\n\t\t\t\t<a data-elementor-open-lightbox=\"yes\" data-elementor-lightbox-slideshow=\"a1d26b5\" data-elementor-lightbox-title=\"Sporttag (1)\" data-e-action-hash=\"#elementor-action%3Aaction%3Dlightbox%26settings%3DeyJpZCI6MjIyNCwidXJsIjoiaHR0cHM6XC9cL21pdHRlbHNjaHVsZS5zdC1hZWdpZGkuYXRcL3dwLWNvbnRlbnRcL3VwbG9hZHNcLzIwMjVcLzA3XC9TcG9ydHRhZy0xLXNjYWxlZC5qcGciLCJzbGlkZXNob3ciOiJhMWQyNmI1In0%3D\" href='https:\/\/mittelschule.st-aegidi.at\/wp-content\/uploads\/2025\/07\/Sporttag-1-scaled.jpg'><img decoding=\"async\" width=\"150\" height=\"150\" src=\"https:\/\/mittelschule.st-aegidi.at\/wp-content\/uploads\/2025\/07\/Sporttag-1-150x150.jpg\" class=\"attachment-thumbnail size-thumbnail\" alt=\"\" srcset=\"https:\/\/mittelschule.st-aegidi.at\/wp-content\/uploads\/2025\/07\/Sporttag-1-150x150.jpg 150w, https:\/\/mittelschule.st-aegidi.at\/wp-content\/uploads\/2025\/07\/Sporttag-1-200x200.jpg 200w\" sizes=\"(max-width: 150px) 100vw, 150px\" \/><\/a>\n\t\t\t<\/dt><\/dl><dl class='gallery-item'>\n\t\t\t<dt class='gallery-icon landscape'>\n\t\t\t\t<a data-elementor-open-lightbox=\"yes\" data-elementor-lightbox-slideshow=\"a1d26b5\" data-elementor-lightbox-title=\"Sporttag (2)\" data-e-action-hash=\"#elementor-action%3Aaction%3Dlightbox%26settings%3DeyJpZCI6MjIyNSwidXJsIjoiaHR0cHM6XC9cL21pdHRlbHNjaHVsZS5zdC1hZWdpZGkuYXRcL3dwLWNvbnRlbnRcL3VwbG9hZHNcLzIwMjVcLzA3XC9TcG9ydHRhZy0yLXNjYWxlZC5qcGciLCJzbGlkZXNob3ciOiJhMWQyNmI1In0%3D\" href='https:\/\/mittelschule.st-aegidi.at\/wp-content\/uploads\/2025\/07\/Sporttag-2-scaled.jpg'><img decoding=\"async\" width=\"150\" height=\"150\" src=\"https:\/\/mittelschule.st-aegidi.at\/wp-content\/uploads\/2025\/07\/Sporttag-2-150x150.jpg\" class=\"attachment-thumbnail size-thumbnail\" alt=\"\" srcset=\"https:\/\/mittelschule.st-aegidi.at\/wp-content\/uploads\/2025\/07\/Sporttag-2-150x150.jpg 150w, https:\/\/mittelschule.st-aegidi.at\/wp-content\/uploads\/2025\/07\/Sporttag-2-200x200.jpg 200w\" sizes=\"(max-width: 150px) 100vw, 150px\" \/><\/a>\n\t\t\t<\/dt><\/dl><dl class='gallery-item'>\n\t\t\t<dt class='gallery-icon landscape'>\n\t\t\t\t<a data-elementor-open-lightbox=\"yes\" data-elementor-lightbox-slideshow=\"a1d26b5\" data-elementor-lightbox-title=\"Sporttag (3)\" data-e-action-hash=\"#elementor-action%3Aaction%3Dlightbox%26settings%3DeyJpZCI6MjIyNiwidXJsIjoiaHR0cHM6XC9cL21pdHRlbHNjaHVsZS5zdC1hZWdpZGkuYXRcL3dwLWNvbnRlbnRcL3VwbG9hZHNcLzIwMjVcLzA3XC9TcG9ydHRhZy0zLXNjYWxlZC5qcGciLCJzbGlkZXNob3ciOiJhMWQyNmI1In0%3D\" href='https:\/\/mittelschule.st-aegidi.at\/wp-content\/uploads\/2025\/07\/Sporttag-3-scaled.jpg'><img decoding=\"async\" width=\"150\" height=\"150\" src=\"https:\/\/mittelschule.st-aegidi.at\/wp-content\/uploads\/2025\/07\/Sporttag-3-150x150.jpg\" class=\"attachment-thumbnail size-thumbnail\" alt=\"\" srcset=\"https:\/\/mittelschule.st-aegidi.at\/wp-content\/uploads\/2025\/07\/Sporttag-3-150x150.jpg 150w, https:\/\/mittelschule.st-aegidi.at\/wp-content\/uploads\/2025\/07\/Sporttag-3-200x200.jpg 200w\" sizes=\"(max-width: 150px) 100vw, 150px\" \/><\/a>\n\t\t\t<\/dt><\/dl><dl class='gallery-item'>\n\t\t\t<dt class='gallery-icon landscape'>\n\t\t\t\t<a data-elementor-open-lightbox=\"yes\" data-elementor-lightbox-slideshow=\"a1d26b5\" data-elementor-lightbox-title=\"Sporttag (4)\" data-e-action-hash=\"#elementor-action%3Aaction%3Dlightbox%26settings%3DeyJpZCI6MjIyNywidXJsIjoiaHR0cHM6XC9cL21pdHRlbHNjaHVsZS5zdC1hZWdpZGkuYXRcL3dwLWNvbnRlbnRcL3VwbG9hZHNcLzIwMjVcLzA3XC9TcG9ydHRhZy00LXNjYWxlZC5qcGciLCJzbGlkZXNob3ciOiJhMWQyNmI1In0%3D\" href='https:\/\/mittelschule.st-aegidi.at\/wp-content\/uploads\/2025\/07\/Sporttag-4-scaled.jpg'><img loading=\"lazy\" decoding=\"async\" width=\"150\" height=\"150\" src=\"https:\/\/mittelschule.st-aegidi.at\/wp-content\/uploads\/2025\/07\/Sporttag-4-150x150.jpg\" class=\"attachment-thumbnail size-thumbnail\" alt=\"\" srcset=\"https:\/\/mittelschule.st-aegidi.at\/wp-content\/uploads\/2025\/07\/Sporttag-4-150x150.jpg 150w, https:\/\/mittelschule.st-aegidi.at\/wp-content\/uploads\/2025\/07\/Sporttag-4-200x200.jpg 200w\" sizes=\"(max-width: 150px) 100vw, 150px\" \/><\/a>\n\t\t\t<\/dt><\/dl><br style=\"clear: both\" \/><dl class='gallery-item'>\n\t\t\t<dt class='gallery-icon landscape'>\n\t\t\t\t<a data-elementor-open-lightbox=\"yes\" data-elementor-lightbox-slideshow=\"a1d26b5\" data-elementor-lightbox-title=\"Sporttag (5)\" data-e-action-hash=\"#elementor-action%3Aaction%3Dlightbox%26settings%3DeyJpZCI6MjIyOCwidXJsIjoiaHR0cHM6XC9cL21pdHRlbHNjaHVsZS5zdC1hZWdpZGkuYXRcL3dwLWNvbnRlbnRcL3VwbG9hZHNcLzIwMjVcLzA3XC9TcG9ydHRhZy01LXNjYWxlZC5qcGciLCJzbGlkZXNob3ciOiJhMWQyNmI1In0%3D\" href='https:\/\/mittelschule.st-aegidi.at\/wp-content\/uploads\/2025\/07\/Sporttag-5-scaled.jpg'><img loading=\"lazy\" decoding=\"async\" width=\"150\" height=\"150\" src=\"https:\/\/mittelschule.st-aegidi.at\/wp-content\/uploads\/2025\/07\/Sporttag-5-150x150.jpg\" class=\"attachment-thumbnail size-thumbnail\" alt=\"\" srcset=\"https:\/\/mittelschule.st-aegidi.at\/wp-content\/uploads\/2025\/07\/Sporttag-5-150x150.jpg 150w, https:\/\/mittelschule.st-aegidi.at\/wp-content\/uploads\/2025\/07\/Sporttag-5-200x200.jpg 200w\" sizes=\"(max-width: 150px) 100vw, 150px\" \/><\/a>\n\t\t\t<\/dt><\/dl><dl class='gallery-item'>\n\t\t\t<dt class='gallery-icon landscape'>\n\t\t\t\t<a data-elementor-open-lightbox=\"yes\" data-elementor-lightbox-slideshow=\"a1d26b5\" data-elementor-lightbox-title=\"Sporttag (7)\" data-e-action-hash=\"#elementor-action%3Aaction%3Dlightbox%26settings%3DeyJpZCI6MjIzMCwidXJsIjoiaHR0cHM6XC9cL21pdHRlbHNjaHVsZS5zdC1hZWdpZGkuYXRcL3dwLWNvbnRlbnRcL3VwbG9hZHNcLzIwMjVcLzA3XC9TcG9ydHRhZy03LXNjYWxlZC5qcGciLCJzbGlkZXNob3ciOiJhMWQyNmI1In0%3D\" href='https:\/\/mittelschule.st-aegidi.at\/wp-content\/uploads\/2025\/07\/Sporttag-7-scaled.jpg'><img loading=\"lazy\" decoding=\"async\" width=\"150\" height=\"150\" src=\"https:\/\/mittelschule.st-aegidi.at\/wp-content\/uploads\/2025\/07\/Sporttag-7-150x150.jpg\" class=\"attachment-thumbnail size-thumbnail\" alt=\"\" srcset=\"https:\/\/mittelschule.st-aegidi.at\/wp-content\/uploads\/2025\/07\/Sporttag-7-150x150.jpg 150w, https:\/\/mittelschule.st-aegidi.at\/wp-content\/uploads\/2025\/07\/Sporttag-7-200x200.jpg 200w\" sizes=\"(max-width: 150px) 100vw, 150px\" \/><\/a>\n\t\t\t<\/dt><\/dl><dl class='gallery-item'>\n\t\t\t<dt class='gallery-icon landscape'>\n\t\t\t\t<a data-elementor-open-lightbox=\"yes\" data-elementor-lightbox-slideshow=\"a1d26b5\" data-elementor-lightbox-title=\"Sporttag (8)\" data-e-action-hash=\"#elementor-action%3Aaction%3Dlightbox%26settings%3DeyJpZCI6MjIzMSwidXJsIjoiaHR0cHM6XC9cL21pdHRlbHNjaHVsZS5zdC1hZWdpZGkuYXRcL3dwLWNvbnRlbnRcL3VwbG9hZHNcLzIwMjVcLzA3XC9TcG9ydHRhZy04LXNjYWxlZC5qcGciLCJzbGlkZXNob3ciOiJhMWQyNmI1In0%3D\" href='https:\/\/mittelschule.st-aegidi.at\/wp-content\/uploads\/2025\/07\/Sporttag-8-scaled.jpg'><img loading=\"lazy\" decoding=\"async\" width=\"150\" height=\"150\" src=\"https:\/\/mittelschule.st-aegidi.at\/wp-content\/uploads\/2025\/07\/Sporttag-8-150x150.jpg\" class=\"attachment-thumbnail size-thumbnail\" alt=\"\" srcset=\"https:\/\/mittelschule.st-aegidi.at\/wp-content\/uploads\/2025\/07\/Sporttag-8-150x150.jpg 150w, https:\/\/mittelschule.st-aegidi.at\/wp-content\/uploads\/2025\/07\/Sporttag-8-200x200.jpg 200w\" sizes=\"(max-width: 150px) 100vw, 150px\" \/><\/a>\n\t\t\t<\/dt><\/dl><dl class='gallery-item'>\n\t\t\t<dt class='gallery-icon landscape'>\n\t\t\t\t<a data-elementor-open-lightbox=\"yes\" data-elementor-lightbox-slideshow=\"a1d26b5\" data-elementor-lightbox-title=\"Sporttag (6)\" data-e-action-hash=\"#elementor-action%3Aaction%3Dlightbox%26settings%3DeyJpZCI6MjIyOSwidXJsIjoiaHR0cHM6XC9cL21pdHRlbHNjaHVsZS5zdC1hZWdpZGkuYXRcL3dwLWNvbnRlbnRcL3VwbG9hZHNcLzIwMjVcLzA3XC9TcG9ydHRhZy02LXNjYWxlZC5qcGciLCJzbGlkZXNob3ciOiJhMWQyNmI1In0%3D\" href='https:\/\/mittelschule.st-aegidi.at\/wp-content\/uploads\/2025\/07\/Sporttag-6-scaled.jpg'><img loading=\"lazy\" decoding=\"async\" width=\"150\" height=\"150\" src=\"https:\/\/mittelschule.st-aegidi.at\/wp-content\/uploads\/2025\/07\/Sporttag-6-150x150.jpg\" class=\"attachment-thumbnail size-thumbnail\" alt=\"\" srcset=\"https:\/\/mittelschule.st-aegidi.at\/wp-content\/uploads\/2025\/07\/Sporttag-6-150x150.jpg 150w, https:\/\/mittelschule.st-aegidi.at\/wp-content\/uploads\/2025\/07\/Sporttag-6-200x200.jpg 200w\" sizes=\"(max-width: 150px) 100vw, 150px\" \/><\/a>\n\t\t\t<\/dt><\/dl><br style=\"clear: both\" \/><dl class='gallery-item'>\n\t\t\t<dt class='gallery-icon landscape'>\n\t\t\t\t<a data-elementor-open-lightbox=\"yes\" data-elementor-lightbox-slideshow=\"a1d26b5\" data-elementor-lightbox-title=\"Sporttag (10)\" data-e-action-hash=\"#elementor-action%3Aaction%3Dlightbox%26settings%3DeyJpZCI6MjIzMywidXJsIjoiaHR0cHM6XC9cL21pdHRlbHNjaHVsZS5zdC1hZWdpZGkuYXRcL3dwLWNvbnRlbnRcL3VwbG9hZHNcLzIwMjVcLzA3XC9TcG9ydHRhZy0xMC1zY2FsZWQuanBnIiwic2xpZGVzaG93IjoiYTFkMjZiNSJ9\" href='https:\/\/mittelschule.st-aegidi.at\/wp-content\/uploads\/2025\/07\/Sporttag-10-scaled.jpg'><img loading=\"lazy\" decoding=\"async\" width=\"150\" height=\"150\" src=\"https:\/\/mittelschule.st-aegidi.at\/wp-content\/uploads\/2025\/07\/Sporttag-10-150x150.jpg\" class=\"attachment-thumbnail size-thumbnail\" alt=\"\" srcset=\"https:\/\/mittelschule.st-aegidi.at\/wp-content\/uploads\/2025\/07\/Sporttag-10-150x150.jpg 150w, https:\/\/mittelschule.st-aegidi.at\/wp-content\/uploads\/2025\/07\/Sporttag-10-200x200.jpg 200w\" sizes=\"(max-width: 150px) 100vw, 150px\" \/><\/a>\n\t\t\t<\/dt><\/dl><dl class='gallery-item'>\n\t\t\t<dt class='gallery-icon landscape'>\n\t\t\t\t<a data-elementor-open-lightbox=\"yes\" data-elementor-lightbox-slideshow=\"a1d26b5\" data-elementor-lightbox-title=\"Sporttag (9)\" data-e-action-hash=\"#elementor-action%3Aaction%3Dlightbox%26settings%3DeyJpZCI6MjIzMiwidXJsIjoiaHR0cHM6XC9cL21pdHRlbHNjaHVsZS5zdC1hZWdpZGkuYXRcL3dwLWNvbnRlbnRcL3VwbG9hZHNcLzIwMjVcLzA3XC9TcG9ydHRhZy05LXNjYWxlZC5qcGciLCJzbGlkZXNob3ciOiJhMWQyNmI1In0%3D\" href='https:\/\/mittelschule.st-aegidi.at\/wp-content\/uploads\/2025\/07\/Sporttag-9-scaled.jpg'><img loading=\"lazy\" decoding=\"async\" width=\"150\" height=\"150\" src=\"https:\/\/mittelschule.st-aegidi.at\/wp-content\/uploads\/2025\/07\/Sporttag-9-150x150.jpg\" class=\"attachment-thumbnail size-thumbnail\" alt=\"\" srcset=\"https:\/\/mittelschule.st-aegidi.at\/wp-content\/uploads\/2025\/07\/Sporttag-9-150x150.jpg 150w, https:\/\/mittelschule.st-aegidi.at\/wp-content\/uploads\/2025\/07\/Sporttag-9-200x200.jpg 200w\" sizes=\"(max-width: 150px) 100vw, 150px\" \/><\/a>\n\t\t\t<\/dt><\/dl>\n\t\t\t<br style='clear: both' \/>\n\t\t<\/div>\n\t\t<\/div>\n\t\t\t\t<\/div>\n\t\t\t\t<\/div>\n\t\t\t\t\t<\/div>\n\t\t<\/div>\n\t\t\t\t\t<\/div>\n\t\t<\/section>\n\t\t\t\t<\/div>\n\t\t","protected":false},"excerpt":{"rendered":"<p>Am 18.6. fand der traditionelle Sporttag mit der schulinternen Leichtathletikmeisterschaft statt. Auf dem Programm standen Weitsprung, Schlagball, 60 m \u2013 Lauf und ein ca. 1000 m Gel\u00e4ndelauf. Die drei bestplatzierten Teilnehmerinnen und Teilnehmer der Ober- und Unterstufe sowie die schnellsten L\u00e4uferinnen und L\u00e4ufer erhielten eine Urkunde. &nbsp; &nbsp; &nbsp;<\/p>\n","protected":false},"author":2,"featured_media":2227,"comment_status":"closed","ping_status":"open","sticky":false,"template":"","format":"standard","meta":{"_jetpack_memberships_contains_paid_content":false,"footnotes":""},"categories":[8],"tags":[],"class_list":["post-2198","post","type-post","status-publish","format-standard","has-post-thumbnail","hentry","category-startseite"],"jetpack_sharing_enabled":true,"jetpack_featured_media_url":"https:\/\/mittelschule.st-aegidi.at\/wp-content\/uploads\/2025\/07\/Sporttag-4-scaled.jpg","_links":{"self":[{"href":"https:\/\/mittelschule.st-aegidi.at\/index.php\/wp-json\/wp\/v2\/posts\/2198","targetHints":{"allow":["GET"]}}],"collection":[{"href":"https:\/\/mittelschule.st-aegidi.at\/index.php\/wp-json\/wp\/v2\/posts"}],"about":[{"href":"https:\/\/mittelschule.st-aegidi.at\/index.php\/wp-json\/wp\/v2\/types\/post"}],"author":[{"embeddable":true,"href":"https:\/\/mittelschule.st-aegidi.at\/index.php\/wp-json\/wp\/v2\/users\/2"}],"replies":[{"embeddable":true,"href":"https:\/\/mittelschule.st-aegidi.at\/index.php\/wp-json\/wp\/v2\/comments?post=2198"}],"version-history":[{"count":4,"href":"https:\/\/mittelschule.st-aegidi.at\/index.php\/wp-json\/wp\/v2\/posts\/2198\/revisions"}],"predecessor-version":[{"id":2241,"href":"https:\/\/mittelschule.st-aegidi.at\/index.php\/wp-json\/wp\/v2\/posts\/2198\/revisions\/2241"}],"wp:featuredmedia":[{"embeddable":true,"href":"https:\/\/mittelschule.st-aegidi.at\/index.php\/wp-json\/wp\/v2\/media\/2227"}],"wp:attachment":[{"href":"https:\/\/mittelschule.st-aegidi.at\/index.php\/wp-json\/wp\/v2\/media?parent=2198"}],"wp:term":[{"taxonomy":"category","embeddable":true,"href":"https:\/\/mittelschule.st-aegidi.at\/index.php\/wp-json\/wp\/v2\/categories?post=2198"},{"taxonomy":"post_tag","embeddable":true,"href":"https:\/\/mittelschule.st-aegidi.at\/index.php\/wp-json\/wp\/v2\/tags?post=2198"}],"curies":[{"name":"wp","href":"https:\/\/api.w.org\/{rel}","templated":true}]}}