{"id":2247,"date":"2025-07-04T11:12:21","date_gmt":"2025-07-04T11:12:21","guid":{"rendered":"https:\/\/mittelschule.st-aegidi.at\/?p=2247"},"modified":"2025-07-04T11:14:12","modified_gmt":"2025-07-04T11:14:12","slug":"a-fair-world","status":"publish","type":"post","link":"https:\/\/mittelschule.st-aegidi.at\/index.php\/2025\/07\/04\/a-fair-world\/","title":{"rendered":"A Fair World"},"content":{"rendered":"\t\t<div data-elementor-type=\"wp-post\" data-elementor-id=\"2247\" class=\"elementor elementor-2247\">\n\t\t\t\t\t\t<section class=\"elementor-section elementor-top-section elementor-element elementor-element-035dbf8 elementor-section-boxed elementor-section-height-default elementor-section-height-default\" data-id=\"035dbf8\" data-element_type=\"section\">\n\t\t\t\t\t\t<div class=\"elementor-container elementor-column-gap-default\">\n\t\t\t\t\t<div class=\"elementor-column elementor-col-100 elementor-top-column elementor-element elementor-element-00195d6\" data-id=\"00195d6\" data-element_type=\"column\">\n\t\t\t<div class=\"elementor-widget-wrap elementor-element-populated\">\n\t\t\t\t\t\t<div class=\"elementor-element elementor-element-5302927 elementor-widget elementor-widget-text-editor\" data-id=\"5302927\" data-element_type=\"widget\" data-widget_type=\"text-editor.default\">\n\t\t\t\t<div class=\"elementor-widget-container\">\n\t\t\t\t\t\t\t<p>Im Rahmen des Englischunterrichts setzten sich die Sch\u00fclerinnen und Sch\u00fcler der 4. Klasse intensiv mit dem Thema \u201eA Fair World\u201c auseinander. Die Ergebnisse ihrer Arbeit pr\u00e4sentierten sie in einer Kulturpause am 27.6, bei der sie sich mit verschiedenen Aspekten von Gerechtigkeit und Fairness auf der Welt besch\u00e4ftigten. Abschlie\u00dfend stellten die Kinder ihre pers\u00f6nlichen Visionen einer gerechten und besseren Welt vor.<\/p>\t\t\t\t\t\t<\/div>\n\t\t\t\t<\/div>\n\t\t\t\t\t<\/div>\n\t\t<\/div>\n\t\t\t\t\t<\/div>\n\t\t<\/section>\n\t\t\t\t<section class=\"elementor-section elementor-top-section elementor-element elementor-element-4c3d85e elementor-section-boxed elementor-section-height-default elementor-section-height-default\" data-id=\"4c3d85e\" data-element_type=\"section\">\n\t\t\t\t\t\t<div class=\"elementor-container elementor-column-gap-default\">\n\t\t\t\t\t<div class=\"elementor-column elementor-col-100 elementor-top-column elementor-element elementor-element-293abb1\" data-id=\"293abb1\" data-element_type=\"column\">\n\t\t\t<div class=\"elementor-widget-wrap elementor-element-populated\">\n\t\t\t\t\t\t<div class=\"elementor-element elementor-element-b817e34 elementor-widget elementor-widget-image-gallery\" data-id=\"b817e34\" data-element_type=\"widget\" data-widget_type=\"image-gallery.default\">\n\t\t\t\t<div class=\"elementor-widget-container\">\n\t\t\t\t\t<div class=\"elementor-image-gallery\">\n\t\t\t\n\t\t<style type=\"text\/css\">\n\t\t\t#gallery-1 {\n\t\t\t\tmargin: auto;\n\t\t\t}\n\t\t\t#gallery-1 .gallery-item {\n\t\t\t\tfloat: left;\n\t\t\t\tmargin-top: 10px;\n\t\t\t\ttext-align: center;\n\t\t\t\twidth: 25%;\n\t\t\t}\n\t\t\t#gallery-1 img {\n\t\t\t\tborder: 2px solid #cfcfcf;\n\t\t\t}\n\t\t\t#gallery-1 .gallery-caption {\n\t\t\t\tmargin-left: 0;\n\t\t\t}\n\t\t\t\/* see gallery_shortcode() in wp-includes\/media.php *\/\n\t\t<\/style>\n\t\t<div id='gallery-1' class='gallery galleryid-2247 gallery-columns-4 gallery-size-thumbnail'><dl class='gallery-item'>\n\t\t\t<dt class='gallery-icon landscape'>\n\t\t\t\t<a data-elementor-open-lightbox=\"yes\" data-elementor-lightbox-slideshow=\"b817e34\" data-elementor-lightbox-title=\"A Fair World (1)\" data-e-action-hash=\"#elementor-action%3Aaction%3Dlightbox%26settings%3DeyJpZCI6MjE5OSwidXJsIjoiaHR0cHM6XC9cL21pdHRlbHNjaHVsZS5zdC1hZWdpZGkuYXRcL3dwLWNvbnRlbnRcL3VwbG9hZHNcLzIwMjVcLzA3XC9BLUZhaXItV29ybGQtMS1zY2FsZWQuanBnIiwic2xpZGVzaG93IjoiYjgxN2UzNCJ9\" href='https:\/\/mittelschule.st-aegidi.at\/wp-content\/uploads\/2025\/07\/A-Fair-World-1-scaled.jpg'><img decoding=\"async\" width=\"150\" height=\"150\" src=\"https:\/\/mittelschule.st-aegidi.at\/wp-content\/uploads\/2025\/07\/A-Fair-World-1-150x150.jpg\" class=\"attachment-thumbnail size-thumbnail\" alt=\"\" srcset=\"https:\/\/mittelschule.st-aegidi.at\/wp-content\/uploads\/2025\/07\/A-Fair-World-1-150x150.jpg 150w, https:\/\/mittelschule.st-aegidi.at\/wp-content\/uploads\/2025\/07\/A-Fair-World-1-200x200.jpg 200w\" sizes=\"(max-width: 150px) 100vw, 150px\" \/><\/a>\n\t\t\t<\/dt><\/dl><dl class='gallery-item'>\n\t\t\t<dt class='gallery-icon landscape'>\n\t\t\t\t<a data-elementor-open-lightbox=\"yes\" data-elementor-lightbox-slideshow=\"b817e34\" data-elementor-lightbox-title=\"A Fair World (2)\" data-e-action-hash=\"#elementor-action%3Aaction%3Dlightbox%26settings%3DeyJpZCI6MjIwMCwidXJsIjoiaHR0cHM6XC9cL21pdHRlbHNjaHVsZS5zdC1hZWdpZGkuYXRcL3dwLWNvbnRlbnRcL3VwbG9hZHNcLzIwMjVcLzA3XC9BLUZhaXItV29ybGQtMi1zY2FsZWQuanBnIiwic2xpZGVzaG93IjoiYjgxN2UzNCJ9\" href='https:\/\/mittelschule.st-aegidi.at\/wp-content\/uploads\/2025\/07\/A-Fair-World-2-scaled.jpg'><img decoding=\"async\" width=\"150\" height=\"150\" src=\"https:\/\/mittelschule.st-aegidi.at\/wp-content\/uploads\/2025\/07\/A-Fair-World-2-150x150.jpg\" class=\"attachment-thumbnail size-thumbnail\" alt=\"\" srcset=\"https:\/\/mittelschule.st-aegidi.at\/wp-content\/uploads\/2025\/07\/A-Fair-World-2-150x150.jpg 150w, https:\/\/mittelschule.st-aegidi.at\/wp-content\/uploads\/2025\/07\/A-Fair-World-2-200x200.jpg 200w\" sizes=\"(max-width: 150px) 100vw, 150px\" \/><\/a>\n\t\t\t<\/dt><\/dl><dl class='gallery-item'>\n\t\t\t<dt class='gallery-icon landscape'>\n\t\t\t\t<a data-elementor-open-lightbox=\"yes\" data-elementor-lightbox-slideshow=\"b817e34\" data-elementor-lightbox-title=\"A Fair World (3)\" data-e-action-hash=\"#elementor-action%3Aaction%3Dlightbox%26settings%3DeyJpZCI6MjIwMSwidXJsIjoiaHR0cHM6XC9cL21pdHRlbHNjaHVsZS5zdC1hZWdpZGkuYXRcL3dwLWNvbnRlbnRcL3VwbG9hZHNcLzIwMjVcLzA3XC9BLUZhaXItV29ybGQtMy1zY2FsZWQuanBnIiwic2xpZGVzaG93IjoiYjgxN2UzNCJ9\" href='https:\/\/mittelschule.st-aegidi.at\/wp-content\/uploads\/2025\/07\/A-Fair-World-3-scaled.jpg'><img decoding=\"async\" width=\"150\" height=\"150\" src=\"https:\/\/mittelschule.st-aegidi.at\/wp-content\/uploads\/2025\/07\/A-Fair-World-3-150x150.jpg\" class=\"attachment-thumbnail size-thumbnail\" alt=\"\" srcset=\"https:\/\/mittelschule.st-aegidi.at\/wp-content\/uploads\/2025\/07\/A-Fair-World-3-150x150.jpg 150w, https:\/\/mittelschule.st-aegidi.at\/wp-content\/uploads\/2025\/07\/A-Fair-World-3-200x200.jpg 200w\" sizes=\"(max-width: 150px) 100vw, 150px\" \/><\/a>\n\t\t\t<\/dt><\/dl><dl class='gallery-item'>\n\t\t\t<dt class='gallery-icon portrait'>\n\t\t\t\t<a data-elementor-open-lightbox=\"yes\" data-elementor-lightbox-slideshow=\"b817e34\" data-elementor-lightbox-title=\"A Fair World (4)\" data-e-action-hash=\"#elementor-action%3Aaction%3Dlightbox%26settings%3DeyJpZCI6MjIwMiwidXJsIjoiaHR0cHM6XC9cL21pdHRlbHNjaHVsZS5zdC1hZWdpZGkuYXRcL3dwLWNvbnRlbnRcL3VwbG9hZHNcLzIwMjVcLzA3XC9BLUZhaXItV29ybGQtNC1zY2FsZWQuanBnIiwic2xpZGVzaG93IjoiYjgxN2UzNCJ9\" href='https:\/\/mittelschule.st-aegidi.at\/wp-content\/uploads\/2025\/07\/A-Fair-World-4-scaled.jpg'><img loading=\"lazy\" decoding=\"async\" width=\"150\" height=\"150\" src=\"https:\/\/mittelschule.st-aegidi.at\/wp-content\/uploads\/2025\/07\/A-Fair-World-4-150x150.jpg\" class=\"attachment-thumbnail size-thumbnail\" alt=\"\" srcset=\"https:\/\/mittelschule.st-aegidi.at\/wp-content\/uploads\/2025\/07\/A-Fair-World-4-150x150.jpg 150w, https:\/\/mittelschule.st-aegidi.at\/wp-content\/uploads\/2025\/07\/A-Fair-World-4-200x200.jpg 200w\" sizes=\"(max-width: 150px) 100vw, 150px\" \/><\/a>\n\t\t\t<\/dt><\/dl><br style=\"clear: both\" \/>\n\t\t<\/div>\n\t\t<\/div>\n\t\t\t\t<\/div>\n\t\t\t\t<\/div>\n\t\t\t\t\t<\/div>\n\t\t<\/div>\n\t\t\t\t\t<\/div>\n\t\t<\/section>\n\t\t\t\t<\/div>\n\t\t","protected":false},"excerpt":{"rendered":"<p>Im Rahmen des Englischunterrichts setzten sich die Sch\u00fclerinnen und Sch\u00fcler der 4. Klasse intensiv mit dem Thema \u201eA Fair World\u201c auseinander. Die Ergebnisse ihrer Arbeit pr\u00e4sentierten sie in einer Kulturpause am 27.6, bei der sie sich mit verschiedenen Aspekten von Gerechtigkeit und Fairness auf der Welt besch\u00e4ftigten. Abschlie\u00dfend stellten die Kinder ihre pers\u00f6nlichen Visionen einer gerechten und besseren Welt vor. &nbsp;<\/p>\n","protected":false},"author":2,"featured_media":2199,"comment_status":"closed","ping_status":"open","sticky":false,"template":"","format":"standard","meta":{"_jetpack_memberships_contains_paid_content":false,"footnotes":""},"categories":[8],"tags":[],"class_list":["post-2247","post","type-post","status-publish","format-standard","has-post-thumbnail","hentry","category-startseite"],"jetpack_sharing_enabled":true,"jetpack_featured_media_url":"https:\/\/mittelschule.st-aegidi.at\/wp-content\/uploads\/2025\/07\/A-Fair-World-1-scaled.jpg","_links":{"self":[{"href":"https:\/\/mittelschule.st-aegidi.at\/index.php\/wp-json\/wp\/v2\/posts\/2247","targetHints":{"allow":["GET"]}}],"collection":[{"href":"https:\/\/mittelschule.st-aegidi.at\/index.php\/wp-json\/wp\/v2\/posts"}],"about":[{"href":"https:\/\/mittelschule.st-aegidi.at\/index.php\/wp-json\/wp\/v2\/types\/post"}],"author":[{"embeddable":true,"href":"https:\/\/mittelschule.st-aegidi.at\/index.php\/wp-json\/wp\/v2\/users\/2"}],"replies":[{"embeddable":true,"href":"https:\/\/mittelschule.st-aegidi.at\/index.php\/wp-json\/wp\/v2\/comments?post=2247"}],"version-history":[{"count":4,"href":"https:\/\/mittelschule.st-aegidi.at\/index.php\/wp-json\/wp\/v2\/posts\/2247\/revisions"}],"predecessor-version":[{"id":2251,"href":"https:\/\/mittelschule.st-aegidi.at\/index.php\/wp-json\/wp\/v2\/posts\/2247\/revisions\/2251"}],"wp:featuredmedia":[{"embeddable":true,"href":"https:\/\/mittelschule.st-aegidi.at\/index.php\/wp-json\/wp\/v2\/media\/2199"}],"wp:attachment":[{"href":"https:\/\/mittelschule.st-aegidi.at\/index.php\/wp-json\/wp\/v2\/media?parent=2247"}],"wp:term":[{"taxonomy":"category","embeddable":true,"href":"https:\/\/mittelschule.st-aegidi.at\/index.php\/wp-json\/wp\/v2\/categories?post=2247"},{"taxonomy":"post_tag","embeddable":true,"href":"https:\/\/mittelschule.st-aegidi.at\/index.php\/wp-json\/wp\/v2\/tags?post=2247"}],"curies":[{"name":"wp","href":"https:\/\/api.w.org\/{rel}","templated":true}]}}