{"id":2282,"date":"2025-07-04T11:24:14","date_gmt":"2025-07-04T11:24:14","guid":{"rendered":"https:\/\/mittelschule.st-aegidi.at\/?p=2282"},"modified":"2025-07-04T11:25:56","modified_gmt":"2025-07-04T11:25:56","slug":"preisverleihung-des-raiba-malwettbewerbs","status":"publish","type":"post","link":"https:\/\/mittelschule.st-aegidi.at\/index.php\/2025\/07\/04\/preisverleihung-des-raiba-malwettbewerbs\/","title":{"rendered":"Preisverleihung des RAIBA-Malwettbewerbs"},"content":{"rendered":"\t\t<div data-elementor-type=\"wp-post\" data-elementor-id=\"2282\" class=\"elementor elementor-2282\">\n\t\t\t\t\t\t<section class=\"elementor-section elementor-top-section elementor-element elementor-element-f7198e6 elementor-section-boxed elementor-section-height-default elementor-section-height-default\" data-id=\"f7198e6\" data-element_type=\"section\">\n\t\t\t\t\t\t<div class=\"elementor-container elementor-column-gap-default\">\n\t\t\t\t\t<div class=\"elementor-column elementor-col-100 elementor-top-column elementor-element elementor-element-97dc982\" data-id=\"97dc982\" data-element_type=\"column\">\n\t\t\t<div class=\"elementor-widget-wrap elementor-element-populated\">\n\t\t\t\t\t\t<div class=\"elementor-element elementor-element-bc1042a elementor-widget elementor-widget-text-editor\" data-id=\"bc1042a\" data-element_type=\"widget\" data-widget_type=\"text-editor.default\">\n\t\t\t\t<div class=\"elementor-widget-container\">\n\t\t\t\t\t\t\t<p>In diesem Jahr nahmen unsere Sch\u00fclerinnen und Sch\u00fcler mit gro\u00dfer Kreativit\u00e4t am Malwettbewerb der Raiffeisenbank teil. Unter dem Motto \u201eWie real ist die digitale Welt f\u00fcr dich?\u201c setzten sie sich k\u00fcnstlerisch mit den Chancen und Herausforderungen der Digitalisierung auseinander.<br \/>Die drei besten Arbeiten jeder Klasse wurden am 3.7. pr\u00e4miert. Die Gewinnerinnen und Gewinner durften sich \u00fcber kleine Geschenke freuen.<\/p>\t\t\t\t\t\t<\/div>\n\t\t\t\t<\/div>\n\t\t\t\t\t<\/div>\n\t\t<\/div>\n\t\t\t\t\t<\/div>\n\t\t<\/section>\n\t\t\t\t<section class=\"elementor-section elementor-top-section elementor-element elementor-element-dbbeb29 elementor-section-boxed elementor-section-height-default elementor-section-height-default\" data-id=\"dbbeb29\" data-element_type=\"section\">\n\t\t\t\t\t\t<div class=\"elementor-container elementor-column-gap-default\">\n\t\t\t\t\t<div class=\"elementor-column elementor-col-100 elementor-top-column elementor-element elementor-element-b3760a5\" data-id=\"b3760a5\" data-element_type=\"column\">\n\t\t\t<div class=\"elementor-widget-wrap elementor-element-populated\">\n\t\t\t\t\t\t<div class=\"elementor-element elementor-element-3b2b5c1 elementor-widget elementor-widget-image-gallery\" data-id=\"3b2b5c1\" data-element_type=\"widget\" data-widget_type=\"image-gallery.default\">\n\t\t\t\t<div class=\"elementor-widget-container\">\n\t\t\t\t\t<div class=\"elementor-image-gallery\">\n\t\t\t\n\t\t<style type=\"text\/css\">\n\t\t\t#gallery-1 {\n\t\t\t\tmargin: auto;\n\t\t\t}\n\t\t\t#gallery-1 .gallery-item {\n\t\t\t\tfloat: left;\n\t\t\t\tmargin-top: 10px;\n\t\t\t\ttext-align: center;\n\t\t\t\twidth: 25%;\n\t\t\t}\n\t\t\t#gallery-1 img {\n\t\t\t\tborder: 2px solid #cfcfcf;\n\t\t\t}\n\t\t\t#gallery-1 .gallery-caption {\n\t\t\t\tmargin-left: 0;\n\t\t\t}\n\t\t\t\/* see gallery_shortcode() in wp-includes\/media.php *\/\n\t\t<\/style>\n\t\t<div id='gallery-1' class='gallery galleryid-2282 gallery-columns-4 gallery-size-thumbnail'><dl class='gallery-item'>\n\t\t\t<dt class='gallery-icon landscape'>\n\t\t\t\t<a data-elementor-open-lightbox=\"yes\" data-elementor-lightbox-slideshow=\"3b2b5c1\" data-elementor-lightbox-title=\"RAIBA Malwettbewerb (1)\" data-e-action-hash=\"#elementor-action%3Aaction%3Dlightbox%26settings%3DeyJpZCI6MjIxNywidXJsIjoiaHR0cHM6XC9cL21pdHRlbHNjaHVsZS5zdC1hZWdpZGkuYXRcL3dwLWNvbnRlbnRcL3VwbG9hZHNcLzIwMjVcLzA3XC9SQUlCQS1NYWx3ZXR0YmV3ZXJiLTEtc2NhbGVkLmpwZyIsInNsaWRlc2hvdyI6IjNiMmI1YzEifQ%3D%3D\" href='https:\/\/mittelschule.st-aegidi.at\/wp-content\/uploads\/2025\/07\/RAIBA-Malwettbewerb-1-scaled.jpg'><img decoding=\"async\" width=\"150\" height=\"150\" src=\"https:\/\/mittelschule.st-aegidi.at\/wp-content\/uploads\/2025\/07\/RAIBA-Malwettbewerb-1-150x150.jpg\" class=\"attachment-thumbnail size-thumbnail\" alt=\"\" srcset=\"https:\/\/mittelschule.st-aegidi.at\/wp-content\/uploads\/2025\/07\/RAIBA-Malwettbewerb-1-150x150.jpg 150w, https:\/\/mittelschule.st-aegidi.at\/wp-content\/uploads\/2025\/07\/RAIBA-Malwettbewerb-1-200x200.jpg 200w\" sizes=\"(max-width: 150px) 100vw, 150px\" \/><\/a>\n\t\t\t<\/dt><\/dl><dl class='gallery-item'>\n\t\t\t<dt class='gallery-icon landscape'>\n\t\t\t\t<a data-elementor-open-lightbox=\"yes\" data-elementor-lightbox-slideshow=\"3b2b5c1\" data-elementor-lightbox-title=\"RAIBA Malwettbewerb (2)\" data-e-action-hash=\"#elementor-action%3Aaction%3Dlightbox%26settings%3DeyJpZCI6MjIxOCwidXJsIjoiaHR0cHM6XC9cL21pdHRlbHNjaHVsZS5zdC1hZWdpZGkuYXRcL3dwLWNvbnRlbnRcL3VwbG9hZHNcLzIwMjVcLzA3XC9SQUlCQS1NYWx3ZXR0YmV3ZXJiLTItc2NhbGVkLmpwZyIsInNsaWRlc2hvdyI6IjNiMmI1YzEifQ%3D%3D\" href='https:\/\/mittelschule.st-aegidi.at\/wp-content\/uploads\/2025\/07\/RAIBA-Malwettbewerb-2-scaled.jpg'><img decoding=\"async\" width=\"150\" height=\"150\" src=\"https:\/\/mittelschule.st-aegidi.at\/wp-content\/uploads\/2025\/07\/RAIBA-Malwettbewerb-2-150x150.jpg\" class=\"attachment-thumbnail size-thumbnail\" alt=\"\" srcset=\"https:\/\/mittelschule.st-aegidi.at\/wp-content\/uploads\/2025\/07\/RAIBA-Malwettbewerb-2-150x150.jpg 150w, https:\/\/mittelschule.st-aegidi.at\/wp-content\/uploads\/2025\/07\/RAIBA-Malwettbewerb-2-200x200.jpg 200w\" sizes=\"(max-width: 150px) 100vw, 150px\" \/><\/a>\n\t\t\t<\/dt><\/dl><dl class='gallery-item'>\n\t\t\t<dt class='gallery-icon landscape'>\n\t\t\t\t<a data-elementor-open-lightbox=\"yes\" data-elementor-lightbox-slideshow=\"3b2b5c1\" data-elementor-lightbox-title=\"RAIBA Malwettbewerb (3)\" data-e-action-hash=\"#elementor-action%3Aaction%3Dlightbox%26settings%3DeyJpZCI6MjIxOSwidXJsIjoiaHR0cHM6XC9cL21pdHRlbHNjaHVsZS5zdC1hZWdpZGkuYXRcL3dwLWNvbnRlbnRcL3VwbG9hZHNcLzIwMjVcLzA3XC9SQUlCQS1NYWx3ZXR0YmV3ZXJiLTMtc2NhbGVkLmpwZyIsInNsaWRlc2hvdyI6IjNiMmI1YzEifQ%3D%3D\" href='https:\/\/mittelschule.st-aegidi.at\/wp-content\/uploads\/2025\/07\/RAIBA-Malwettbewerb-3-scaled.jpg'><img decoding=\"async\" width=\"150\" height=\"150\" src=\"https:\/\/mittelschule.st-aegidi.at\/wp-content\/uploads\/2025\/07\/RAIBA-Malwettbewerb-3-150x150.jpg\" class=\"attachment-thumbnail size-thumbnail\" alt=\"\" srcset=\"https:\/\/mittelschule.st-aegidi.at\/wp-content\/uploads\/2025\/07\/RAIBA-Malwettbewerb-3-150x150.jpg 150w, https:\/\/mittelschule.st-aegidi.at\/wp-content\/uploads\/2025\/07\/RAIBA-Malwettbewerb-3-200x200.jpg 200w\" sizes=\"(max-width: 150px) 100vw, 150px\" \/><\/a>\n\t\t\t<\/dt><\/dl><dl class='gallery-item'>\n\t\t\t<dt class='gallery-icon landscape'>\n\t\t\t\t<a data-elementor-open-lightbox=\"yes\" data-elementor-lightbox-slideshow=\"3b2b5c1\" data-elementor-lightbox-title=\"RAIBA Malwettbewerb (4)\" data-e-action-hash=\"#elementor-action%3Aaction%3Dlightbox%26settings%3DeyJpZCI6MjIyMCwidXJsIjoiaHR0cHM6XC9cL21pdHRlbHNjaHVsZS5zdC1hZWdpZGkuYXRcL3dwLWNvbnRlbnRcL3VwbG9hZHNcLzIwMjVcLzA3XC9SQUlCQS1NYWx3ZXR0YmV3ZXJiLTQtc2NhbGVkLmpwZyIsInNsaWRlc2hvdyI6IjNiMmI1YzEifQ%3D%3D\" href='https:\/\/mittelschule.st-aegidi.at\/wp-content\/uploads\/2025\/07\/RAIBA-Malwettbewerb-4-scaled.jpg'><img loading=\"lazy\" decoding=\"async\" width=\"150\" height=\"150\" src=\"https:\/\/mittelschule.st-aegidi.at\/wp-content\/uploads\/2025\/07\/RAIBA-Malwettbewerb-4-150x150.jpg\" class=\"attachment-thumbnail size-thumbnail\" alt=\"\" srcset=\"https:\/\/mittelschule.st-aegidi.at\/wp-content\/uploads\/2025\/07\/RAIBA-Malwettbewerb-4-150x150.jpg 150w, https:\/\/mittelschule.st-aegidi.at\/wp-content\/uploads\/2025\/07\/RAIBA-Malwettbewerb-4-200x200.jpg 200w\" sizes=\"(max-width: 150px) 100vw, 150px\" \/><\/a>\n\t\t\t<\/dt><\/dl><br style=\"clear: both\" \/>\n\t\t<\/div>\n\t\t<\/div>\n\t\t\t\t<\/div>\n\t\t\t\t<\/div>\n\t\t\t\t\t<\/div>\n\t\t<\/div>\n\t\t\t\t\t<\/div>\n\t\t<\/section>\n\t\t\t\t<\/div>\n\t\t","protected":false},"excerpt":{"rendered":"<p>In diesem Jahr nahmen unsere Sch\u00fclerinnen und Sch\u00fcler mit gro\u00dfer Kreativit\u00e4t am Malwettbewerb der Raiffeisenbank teil. Unter dem Motto \u201eWie real ist die digitale Welt f\u00fcr dich?\u201c setzten sie sich k\u00fcnstlerisch mit den Chancen und Herausforderungen der Digitalisierung auseinander. Die drei besten Arbeiten jeder Klasse wurden am 3.7. pr\u00e4miert. Die Gewinnerinnen und Gewinner durften sich \u00fcber kleine Geschenke freuen. &nbsp;<\/p>\n","protected":false},"author":2,"featured_media":2219,"comment_status":"closed","ping_status":"open","sticky":false,"template":"","format":"standard","meta":{"_jetpack_memberships_contains_paid_content":false,"footnotes":""},"categories":[8],"tags":[],"class_list":["post-2282","post","type-post","status-publish","format-standard","has-post-thumbnail","hentry","category-startseite"],"jetpack_sharing_enabled":true,"jetpack_featured_media_url":"https:\/\/mittelschule.st-aegidi.at\/wp-content\/uploads\/2025\/07\/RAIBA-Malwettbewerb-3-scaled.jpg","_links":{"self":[{"href":"https:\/\/mittelschule.st-aegidi.at\/index.php\/wp-json\/wp\/v2\/posts\/2282","targetHints":{"allow":["GET"]}}],"collection":[{"href":"https:\/\/mittelschule.st-aegidi.at\/index.php\/wp-json\/wp\/v2\/posts"}],"about":[{"href":"https:\/\/mittelschule.st-aegidi.at\/index.php\/wp-json\/wp\/v2\/types\/post"}],"author":[{"embeddable":true,"href":"https:\/\/mittelschule.st-aegidi.at\/index.php\/wp-json\/wp\/v2\/users\/2"}],"replies":[{"embeddable":true,"href":"https:\/\/mittelschule.st-aegidi.at\/index.php\/wp-json\/wp\/v2\/comments?post=2282"}],"version-history":[{"count":4,"href":"https:\/\/mittelschule.st-aegidi.at\/index.php\/wp-json\/wp\/v2\/posts\/2282\/revisions"}],"predecessor-version":[{"id":2286,"href":"https:\/\/mittelschule.st-aegidi.at\/index.php\/wp-json\/wp\/v2\/posts\/2282\/revisions\/2286"}],"wp:featuredmedia":[{"embeddable":true,"href":"https:\/\/mittelschule.st-aegidi.at\/index.php\/wp-json\/wp\/v2\/media\/2219"}],"wp:attachment":[{"href":"https:\/\/mittelschule.st-aegidi.at\/index.php\/wp-json\/wp\/v2\/media?parent=2282"}],"wp:term":[{"taxonomy":"category","embeddable":true,"href":"https:\/\/mittelschule.st-aegidi.at\/index.php\/wp-json\/wp\/v2\/categories?post=2282"},{"taxonomy":"post_tag","embeddable":true,"href":"https:\/\/mittelschule.st-aegidi.at\/index.php\/wp-json\/wp\/v2\/tags?post=2282"}],"curies":[{"name":"wp","href":"https:\/\/api.w.org\/{rel}","templated":true}]}}