{"id":3084,"date":"2026-04-28T09:56:31","date_gmt":"2026-04-28T09:56:31","guid":{"rendered":"https:\/\/mittelschule.st-aegidi.at\/?p=3084"},"modified":"2026-04-28T09:57:59","modified_gmt":"2026-04-28T09:57:59","slug":"schulsportguetesiegel-in-gold","status":"publish","type":"post","link":"https:\/\/mittelschule.st-aegidi.at\/index.php\/2026\/04\/28\/schulsportguetesiegel-in-gold\/","title":{"rendered":"Schulsportg\u00fctesiegel in Gold"},"content":{"rendered":"\t\t<div data-elementor-type=\"wp-post\" data-elementor-id=\"3084\" class=\"elementor elementor-3084\">\n\t\t\t\t\t\t<section class=\"elementor-section elementor-top-section elementor-element elementor-element-c5e4c01 elementor-section-boxed elementor-section-height-default elementor-section-height-default\" data-id=\"c5e4c01\" data-element_type=\"section\">\n\t\t\t\t\t\t<div class=\"elementor-container elementor-column-gap-default\">\n\t\t\t\t\t<div class=\"elementor-column elementor-col-100 elementor-top-column elementor-element elementor-element-112f6b7\" data-id=\"112f6b7\" data-element_type=\"column\">\n\t\t\t<div class=\"elementor-widget-wrap elementor-element-populated\">\n\t\t\t\t\t\t<div class=\"elementor-element elementor-element-86e7fbd elementor-widget elementor-widget-text-editor\" data-id=\"86e7fbd\" data-element_type=\"widget\" data-widget_type=\"text-editor.default\">\n\t\t\t\t<div class=\"elementor-widget-container\">\n\t\t\t\t\t\t\t<p>Die Mittelschule St. Aegidi freut sich \u00fcber eine besondere Auszeichnung: Wir wurden mit dem\u00a0<strong>Schulsportg\u00fctesiegel in Gold<\/strong>\u00a0geehrt.<\/p><p>Die Verleihung fand am 21. April in Linz\u00a0statt. Bildungslandesr\u00e4tin und Landeshauptmann-Stellvertreterin Christine Haberlander\u00a0\u00fcberreichte gemeinsam mit FI Mag. Friedrich Scherrer die G\u00fctesiegel in Gold, Silber und Bronze an die ausgezeichneten Schulen.<\/p><p>Das Schulsportg\u00fctesiegel ist eine Anerkennung f\u00fcr die engagierte Arbeit der Lehrkr\u00e4fte und zeigt, welchen hohen Stellenwert Bewegung und Sport an unserer Schule haben.<\/p><p>Wir sind stolz auf diese weitere Auszeichnung f\u00fcr die MS St. Aegidi.<\/p><p>Ein besonderer Dank gilt unserer Sportkoordinatorin Tina Humer, die mit gro\u00dfem Einsatz ma\u00dfgeblich zu diesem Erfolg beigetragen hat.<\/p>\t\t\t\t\t\t<\/div>\n\t\t\t\t<\/div>\n\t\t\t\t\t<\/div>\n\t\t<\/div>\n\t\t\t\t\t<\/div>\n\t\t<\/section>\n\t\t\t\t<section class=\"elementor-section elementor-top-section elementor-element elementor-element-24d1b8c elementor-section-boxed elementor-section-height-default elementor-section-height-default\" data-id=\"24d1b8c\" data-element_type=\"section\">\n\t\t\t\t\t\t<div class=\"elementor-container elementor-column-gap-default\">\n\t\t\t\t\t<div class=\"elementor-column elementor-col-100 elementor-top-column elementor-element elementor-element-6422a37\" data-id=\"6422a37\" data-element_type=\"column\">\n\t\t\t<div class=\"elementor-widget-wrap elementor-element-populated\">\n\t\t\t\t\t\t<div class=\"elementor-element elementor-element-e30d671 elementor-widget elementor-widget-image-gallery\" data-id=\"e30d671\" data-element_type=\"widget\" data-widget_type=\"image-gallery.default\">\n\t\t\t\t<div class=\"elementor-widget-container\">\n\t\t\t\t\t<div class=\"elementor-image-gallery\">\n\t\t\t\n\t\t<style type=\"text\/css\">\n\t\t\t#gallery-1 {\n\t\t\t\tmargin: auto;\n\t\t\t}\n\t\t\t#gallery-1 .gallery-item {\n\t\t\t\tfloat: left;\n\t\t\t\tmargin-top: 10px;\n\t\t\t\ttext-align: center;\n\t\t\t\twidth: 25%;\n\t\t\t}\n\t\t\t#gallery-1 img {\n\t\t\t\tborder: 2px solid #cfcfcf;\n\t\t\t}\n\t\t\t#gallery-1 .gallery-caption {\n\t\t\t\tmargin-left: 0;\n\t\t\t}\n\t\t\t\/* see gallery_shortcode() in wp-includes\/media.php *\/\n\t\t<\/style>\n\t\t<div id='gallery-1' class='gallery galleryid-3084 gallery-columns-4 gallery-size-thumbnail'><dl class='gallery-item'>\n\t\t\t<dt class='gallery-icon landscape'>\n\t\t\t\t<a data-elementor-open-lightbox=\"yes\" data-elementor-lightbox-slideshow=\"e30d671\" data-elementor-lightbox-title=\"077A2014\" data-e-action-hash=\"#elementor-action%3Aaction%3Dlightbox%26settings%3DeyJpZCI6MzA4NSwidXJsIjoiaHR0cHM6XC9cL21pdHRlbHNjaHVsZS5zdC1hZWdpZGkuYXRcL3dwLWNvbnRlbnRcL3VwbG9hZHNcLzIwMjZcLzA0XC8wNzdBMjAxNC1zY2FsZWQuanBnIiwic2xpZGVzaG93IjoiZTMwZDY3MSJ9\" href='https:\/\/mittelschule.st-aegidi.at\/wp-content\/uploads\/2026\/04\/077A2014-scaled.jpg'><img decoding=\"async\" width=\"150\" height=\"150\" src=\"https:\/\/mittelschule.st-aegidi.at\/wp-content\/uploads\/2026\/04\/077A2014-150x150.jpg\" class=\"attachment-thumbnail size-thumbnail\" alt=\"\" srcset=\"https:\/\/mittelschule.st-aegidi.at\/wp-content\/uploads\/2026\/04\/077A2014-150x150.jpg 150w, https:\/\/mittelschule.st-aegidi.at\/wp-content\/uploads\/2026\/04\/077A2014-200x200.jpg 200w\" sizes=\"(max-width: 150px) 100vw, 150px\" \/><\/a>\n\t\t\t<\/dt><\/dl><dl class='gallery-item'>\n\t\t\t<dt class='gallery-icon landscape'>\n\t\t\t\t<a data-elementor-open-lightbox=\"yes\" data-elementor-lightbox-slideshow=\"e30d671\" data-elementor-lightbox-title=\"siegel-g-2024\" data-e-action-hash=\"#elementor-action%3Aaction%3Dlightbox%26settings%3DeyJpZCI6MzA4NiwidXJsIjoiaHR0cHM6XC9cL21pdHRlbHNjaHVsZS5zdC1hZWdpZGkuYXRcL3dwLWNvbnRlbnRcL3VwbG9hZHNcLzIwMjZcLzA0XC9zaWVnZWwtZy0yMDI0LnBuZyIsInNsaWRlc2hvdyI6ImUzMGQ2NzEifQ%3D%3D\" href='https:\/\/mittelschule.st-aegidi.at\/wp-content\/uploads\/2026\/04\/siegel-g-2024.png'><img decoding=\"async\" width=\"150\" height=\"150\" src=\"https:\/\/mittelschule.st-aegidi.at\/wp-content\/uploads\/2026\/04\/siegel-g-2024-150x150.png\" class=\"attachment-thumbnail size-thumbnail\" alt=\"\" srcset=\"https:\/\/mittelschule.st-aegidi.at\/wp-content\/uploads\/2026\/04\/siegel-g-2024-150x150.png 150w, https:\/\/mittelschule.st-aegidi.at\/wp-content\/uploads\/2026\/04\/siegel-g-2024-300x300.png 300w, https:\/\/mittelschule.st-aegidi.at\/wp-content\/uploads\/2026\/04\/siegel-g-2024-1024x1024.png 1024w, https:\/\/mittelschule.st-aegidi.at\/wp-content\/uploads\/2026\/04\/siegel-g-2024-768x768.png 768w, https:\/\/mittelschule.st-aegidi.at\/wp-content\/uploads\/2026\/04\/siegel-g-2024-200x200.png 200w, https:\/\/mittelschule.st-aegidi.at\/wp-content\/uploads\/2026\/04\/siegel-g-2024.png 1200w\" sizes=\"(max-width: 150px) 100vw, 150px\" \/><\/a>\n\t\t\t<\/dt><\/dl>\n\t\t\t<br style='clear: both' \/>\n\t\t<\/div>\n\t\t<\/div>\n\t\t\t\t<\/div>\n\t\t\t\t<\/div>\n\t\t\t\t\t<\/div>\n\t\t<\/div>\n\t\t\t\t\t<\/div>\n\t\t<\/section>\n\t\t\t\t<\/div>\n\t\t","protected":false},"excerpt":{"rendered":"<p>Die Mittelschule St. Aegidi freut sich \u00fcber eine besondere Auszeichnung: Wir wurden mit dem\u00a0Schulsportg\u00fctesiegel in Gold\u00a0geehrt. Die Verleihung fand am 21. April in Linz\u00a0statt. Bildungslandesr\u00e4tin und Landeshauptmann-Stellvertreterin Christine Haberlander\u00a0\u00fcberreichte gemeinsam mit FI Mag. Friedrich Scherrer die G\u00fctesiegel in Gold, Silber und Bronze an die ausgezeichneten Schulen. Das Schulsportg\u00fctesiegel ist eine Anerkennung f\u00fcr die engagierte Arbeit der Lehrkr\u00e4fte und zeigt, welchen hohen Stellenwert Bewegung und Sport an unserer Schule haben. Wir <a class=\"more-link\" href=\"https:\/\/mittelschule.st-aegidi.at\/index.php\/2026\/04\/28\/schulsportguetesiegel-in-gold\/\">weiterlesen&#8230;<\/a><\/p>\n","protected":false},"author":2,"featured_media":3085,"comment_status":"closed","ping_status":"open","sticky":false,"template":"","format":"standard","meta":{"_jetpack_memberships_contains_paid_content":false,"footnotes":""},"categories":[8],"tags":[],"class_list":["post-3084","post","type-post","status-publish","format-standard","has-post-thumbnail","hentry","category-startseite"],"jetpack_sharing_enabled":true,"jetpack_featured_media_url":"https:\/\/mittelschule.st-aegidi.at\/wp-content\/uploads\/2026\/04\/077A2014-scaled.jpg","_links":{"self":[{"href":"https:\/\/mittelschule.st-aegidi.at\/index.php\/wp-json\/wp\/v2\/posts\/3084","targetHints":{"allow":["GET"]}}],"collection":[{"href":"https:\/\/mittelschule.st-aegidi.at\/index.php\/wp-json\/wp\/v2\/posts"}],"about":[{"href":"https:\/\/mittelschule.st-aegidi.at\/index.php\/wp-json\/wp\/v2\/types\/post"}],"author":[{"embeddable":true,"href":"https:\/\/mittelschule.st-aegidi.at\/index.php\/wp-json\/wp\/v2\/users\/2"}],"replies":[{"embeddable":true,"href":"https:\/\/mittelschule.st-aegidi.at\/index.php\/wp-json\/wp\/v2\/comments?post=3084"}],"version-history":[{"count":4,"href":"https:\/\/mittelschule.st-aegidi.at\/index.php\/wp-json\/wp\/v2\/posts\/3084\/revisions"}],"predecessor-version":[{"id":3090,"href":"https:\/\/mittelschule.st-aegidi.at\/index.php\/wp-json\/wp\/v2\/posts\/3084\/revisions\/3090"}],"wp:featuredmedia":[{"embeddable":true,"href":"https:\/\/mittelschule.st-aegidi.at\/index.php\/wp-json\/wp\/v2\/media\/3085"}],"wp:attachment":[{"href":"https:\/\/mittelschule.st-aegidi.at\/index.php\/wp-json\/wp\/v2\/media?parent=3084"}],"wp:term":[{"taxonomy":"category","embeddable":true,"href":"https:\/\/mittelschule.st-aegidi.at\/index.php\/wp-json\/wp\/v2\/categories?post=3084"},{"taxonomy":"post_tag","embeddable":true,"href":"https:\/\/mittelschule.st-aegidi.at\/index.php\/wp-json\/wp\/v2\/tags?post=3084"}],"curies":[{"name":"wp","href":"https:\/\/api.w.org\/{rel}","templated":true}]}}